{"id":13424,"date":"2020-08-13T11:07:06","date_gmt":"2020-08-13T14:07:06","guid":{"rendered":"http:\/\/maricatotal.com.br\/site\/?p=13424"},"modified":"2020-08-13T11:07:08","modified_gmt":"2020-08-13T14:07:08","slug":"sede-da-secretaria-de-ordem-publica-e-inaugurada","status":"publish","type":"post","link":"https:\/\/maricatotal.com.br\/site\/2020\/08\/13\/sede-da-secretaria-de-ordem-publica-e-inaugurada\/","title":{"rendered":"SEDE DA SECRETARIA DE ORDEM P\u00daBLICA \u00c9 INAUGURADA"},"content":{"rendered":"\n<p>A sede da Secretaria de Ordem P\u00fablica e Ganite Institucional foi inaugurada em Maric\u00e1, na manh\u00e3 desta quinta-feira (13).<\/p>\n\n\n\n<p>Estiveram presentes na inaugura\u00e7\u00e3o o prefeito, Fabiano Horta (PT), a primeira dama, Rosa Horta, o Secret\u00e1rio de Ordem P\u00fablica, Tenente Coronel J\u00falio C\u00e9sar Veras e o Presidente da Autarquia de Servi\u00e7o de Obras de Maric\u00e1 (SOMAR), Renato Machado.<\/p>\n\n\n\n<p>Em discurso, Horta frisou a import\u00e2ncia da sede para a cidade de Maric\u00e1.<\/p>\n","protected":false},"excerpt":{"rendered":"<p>A sede da Secretaria de Ordem P\u00fablica e Ganite Institucional foi inaugurada em Maric\u00e1, na manh\u00e3 desta quinta-feira (13). Estiveram<\/p>\n","protected":false},"author":1,"featured_media":13425,"comment_status":"open","ping_status":"open","sticky":false,"template":"","format":"standard","meta":{"colormag_page_container_layout":"default_layout","colormag_page_sidebar_layout":"default_layout","footnotes":""},"categories":[1],"tags":[],"class_list":["post-13424","post","type-post","status-publish","format-standard","has-post-thumbnail","hentry","category-noticias"],"amp_enabled":true,"_links":{"self":[{"href":"https:\/\/maricatotal.com.br\/site\/wp-json\/wp\/v2\/posts\/13424","targetHints":{"allow":["GET"]}}],"collection":[{"href":"https:\/\/maricatotal.com.br\/site\/wp-json\/wp\/v2\/posts"}],"about":[{"href":"https:\/\/maricatotal.com.br\/site\/wp-json\/wp\/v2\/types\/post"}],"author":[{"embeddable":true,"href":"https:\/\/maricatotal.com.br\/site\/wp-json\/wp\/v2\/users\/1"}],"replies":[{"embeddable":true,"href":"https:\/\/maricatotal.com.br\/site\/wp-json\/wp\/v2\/comments?post=13424"}],"version-history":[{"count":0,"href":"https:\/\/maricatotal.com.br\/site\/wp-json\/wp\/v2\/posts\/13424\/revisions"}],"wp:featuredmedia":[{"embeddable":true,"href":"https:\/\/maricatotal.com.br\/site\/wp-json\/wp\/v2\/media\/13425"}],"wp:attachment":[{"href":"https:\/\/maricatotal.com.br\/site\/wp-json\/wp\/v2\/media?parent=13424"}],"wp:term":[{"taxonomy":"category","embeddable":true,"href":"https:\/\/maricatotal.com.br\/site\/wp-json\/wp\/v2\/categories?post=13424"},{"taxonomy":"post_tag","embeddable":true,"href":"https:\/\/maricatotal.com.br\/site\/wp-json\/wp\/v2\/tags?post=13424"}],"curies":[{"name":"wp","href":"https:\/\/api.w.org\/{rel}","templated":true}]}}