{"id":13913,"date":"2020-09-02T13:01:14","date_gmt":"2020-09-02T16:01:14","guid":{"rendered":"https:\/\/maricatotal.com.br\/site\/?p=13913"},"modified":"2020-09-02T13:01:15","modified_gmt":"2020-09-02T16:01:15","slug":"alunos-da-rede-estadual-do-rio-sem-internet-voltam-as-aulas-em-outubro","status":"publish","type":"post","link":"https:\/\/maricatotal.com.br\/site\/2020\/09\/02\/alunos-da-rede-estadual-do-rio-sem-internet-voltam-as-aulas-em-outubro\/","title":{"rendered":"Alunos da rede estadual do Rio sem internet voltam \u00e0s aulas em outubro"},"content":{"rendered":"\n<p>As escolas da rede estadual de ensino ser\u00e3o reabertas a partir do dia 5 de outubro apenas para estudantes que n\u00e3o t\u00eam acesso \u00e0 internet e somente em regi\u00f5es com Bandeira Amarela duas semanas antes desta data. A Secretaria de Estado de Educa\u00e7\u00e3o vai disponibilizar computadores, equipamentos multim\u00eddia e materiais did\u00e1ticos digitais nas unidades de ensino de todo o Estado do Rio de Janeiro.<\/p>\n\n\n\n<p>A decis\u00e3o foi alinhada com a prefeitura do Rio de Janeiro, ap\u00f3s reuni\u00e3o hoje entre o governador em exerc\u00edcio, Cl\u00e1udio Castro e o prefeito Marcelo Crivella, no Pal\u00e1cio Guanabara, sede do governo estadual. <\/p>\n\n\n\n<p>Em nota, a Secretaria de Estado de Educa\u00e7\u00e3o informou que o objetivo da medida \u00e9 assegurar que os alunos possam dar continuidade aos estudos na plataforma Google Classroom. &#8220;Para garantir o distanciamento entre os estudantes, recomendado pela Secretaria de Estado de Sa\u00fade, as salas de aula ser\u00e3o transformadas em laborat\u00f3rios de inform\u00e1tica. Cada escola organizar\u00e1 a utiliza\u00e7\u00e3o de seus espa\u00e7os, que v\u00e3o funcionar tr\u00eas vezes por semana&#8221;.<\/p>\n\n\n\n<p><strong>Medida <\/strong><\/p>\n\n\n\n<p>De acordo com o decreto estadual, publicado no dia 20 de agosto, as aulas presenciais na rede estadual poder\u00e3o ser retomadas nas regi\u00f5es que permane\u00e7am em baixo risco de contamina\u00e7\u00e3o pelo novo coronav\u00edrus, identificadas com Bandeira Amarela, por no m\u00ednimo duas semanas seguidas antes da data prevista para a abertura.<\/p>\n","protected":false},"excerpt":{"rendered":"<p>As escolas da rede estadual de ensino ser\u00e3o reabertas a partir do dia 5 de outubro apenas para estudantes que<\/p>\n","protected":false},"author":1,"featured_media":13914,"comment_status":"open","ping_status":"open","sticky":false,"template":"","format":"standard","meta":{"colormag_page_container_layout":"default_layout","colormag_page_sidebar_layout":"default_layout","footnotes":""},"categories":[14],"tags":[],"class_list":["post-13913","post","type-post","status-publish","format-standard","has-post-thumbnail","hentry","category-bairros"],"amp_enabled":true,"_links":{"self":[{"href":"https:\/\/maricatotal.com.br\/site\/wp-json\/wp\/v2\/posts\/13913","targetHints":{"allow":["GET"]}}],"collection":[{"href":"https:\/\/maricatotal.com.br\/site\/wp-json\/wp\/v2\/posts"}],"about":[{"href":"https:\/\/maricatotal.com.br\/site\/wp-json\/wp\/v2\/types\/post"}],"author":[{"embeddable":true,"href":"https:\/\/maricatotal.com.br\/site\/wp-json\/wp\/v2\/users\/1"}],"replies":[{"embeddable":true,"href":"https:\/\/maricatotal.com.br\/site\/wp-json\/wp\/v2\/comments?post=13913"}],"version-history":[{"count":0,"href":"https:\/\/maricatotal.com.br\/site\/wp-json\/wp\/v2\/posts\/13913\/revisions"}],"wp:featuredmedia":[{"embeddable":true,"href":"https:\/\/maricatotal.com.br\/site\/wp-json\/wp\/v2\/media\/13914"}],"wp:attachment":[{"href":"https:\/\/maricatotal.com.br\/site\/wp-json\/wp\/v2\/media?parent=13913"}],"wp:term":[{"taxonomy":"category","embeddable":true,"href":"https:\/\/maricatotal.com.br\/site\/wp-json\/wp\/v2\/categories?post=13913"},{"taxonomy":"post_tag","embeddable":true,"href":"https:\/\/maricatotal.com.br\/site\/wp-json\/wp\/v2\/tags?post=13913"}],"curies":[{"name":"wp","href":"https:\/\/api.w.org\/{rel}","templated":true}]}}