{"id":1415,"date":"2019-06-03T11:37:36","date_gmt":"2019-06-03T14:37:36","guid":{"rendered":"http:\/\/maricatotal.com.br\/site\/?p=1415"},"modified":"2019-06-03T11:37:39","modified_gmt":"2019-06-03T14:37:39","slug":"crivella-nao-gasta-nada-com-reformas-das-escolas-em-2019","status":"publish","type":"post","link":"https:\/\/maricatotal.com.br\/site\/2019\/06\/03\/crivella-nao-gasta-nada-com-reformas-das-escolas-em-2019\/","title":{"rendered":"CRIVELLA N\u00c3O GASTA NADA COM REFORMAS DAS ESCOLAS EM 2019"},"content":{"rendered":"\n<p> Enquanto a Prefeitura do Rio n\u00e3o gastou nenhum centavo em reformas de col\u00e9gios em cinco meses do ano, crian\u00e7as de 4 a 10 anos precisam se revezar para usar as salas que est\u00e3o seguras da Escola municipal S\u00f3crates Galv\u00eaas, em Santa Cruz. O pr\u00e9dio principal da unidade, que j\u00e1 sofria com problemas estruturais, acabou condenado pela Defesa Civil ap\u00f3s a tempestade de abril, que ficou marcada como a maior da cidade nos \u00faltimos 22 anos. Por isso, os alunos est\u00e3o improvisados em um im\u00f3vel anexo que n\u00e3o comporta todas as turmas. A solu\u00e7\u00e3o foi cortar o tempo de aulas. <\/p>\n\n\n\n<p>As escolas da rede que funcionam em dois turnos tem, cada uma, quatro horas e meia de aula. No entanto, como n\u00e3o h\u00e1 salas seguras o suficiente para todos os alunos da S\u00f3crates Galv\u00eaas, 18 turmas est\u00e3o estudando apenas tr\u00eas horas e vinte minutos por dia, j\u00e1 que a unidade foi dividida em tr\u00eas turnos. Essa \u00e9 uma redu\u00e7\u00e3o de 25% do tempo de estudo. Caso a situa\u00e7\u00e3o persista at\u00e9 o fim do ano, ser\u00e3o perdidas mais de 150 horas de aprendizado. <\/p>\n\n\n\n<p> O EXTRA teve acesso ao laudo da Defesa Civil emitido no dia 15 de abril de 2019. Ele indica que o pr\u00e9dio da escola tem \u201crisco potencial de desabamento\u201d, \u201cestouro de vidra\u00e7a\u201d e \u201cmau estado de conserva\u00e7\u00e3o\u201d. <\/p>\n\n\n\n<p> O Prefeito Marcelo Crivella sabe que a unidade est\u00e1 precisando de reforma, porque esteve l\u00e1 em maio do ano passado prometendo reformas. Na \u00e9poca, ele divulgava um empr\u00e9stimo de R$ 200 milh\u00f5es da Caixa Econ\u00f4mica Federal para obra em unidades da rede municipal de ensino. No entanto, dois anos depois, s\u00f3 foi gasto 15% desse valor \u2014 todo no ano passado. <\/p>\n\n\n\n<p> \u2014 Vamos fazer reforma completa aqui. S\u00f3 o tempo de fazer a licita\u00e7\u00e3o para fazer a pintura total, troca de portas, melhorar os banheiros todo, troca de utens\u00edlio de cozinhas e quem sabe fazer uma quadra coberta num terreno aqui do lado \u2014 prometeu o prefeito em maio de 2018. <\/p>\n\n\n\n<p> Agora, a situa\u00e7\u00e3o da escola piorou em rela\u00e7\u00e3o ao momento da visita do prefeito. Uma rachadura na estrutura do pr\u00e9dio principal do col\u00e9gio foi a causa da interdi\u00e7\u00e3o pela Defesa Civil. Tapumes foram colocados, e os alunos acabaram realocados para este pr\u00e9dio anexo, que fica no mesmo terreno do im\u00f3vel condenado. Esse pr\u00e9dio anexo tem quatro salas e outras tr\u00eas foram improvisadas com compensado. Uma delas pegou parte do refeit\u00f3rio e outra fica com o ch\u00e3o todo molhado mesmo com pouca chuva. Al\u00e9m disso, quatro turmas foram transferidas para outra escola na mesma rua. <\/p>\n\n\n\n<p> \u2014 A mat\u00e9ria dada est\u00e1 sendo corrida. Fora isso, as condi\u00e7\u00f5es das salas que fizeram s\u00e3o p\u00e9ssimas, sem ventila\u00e7\u00e3o, nada. E a \u00e1gua est\u00e1 entanto. Choveu um pouquinho na semana passada e a \u00e1gua j\u00e1 come\u00e7ou a entrar por baixo da parede \u2014 contou Simone de Oliveira, de 50 anos, m\u00e3e de uma aluna do 4\u00ba ano. <\/p>\n\n\n\n<p> Em fevereiro, a Secretaria municipal de Educa\u00e7\u00e3o culpou o ex-secret\u00e1rio C\u00e9sar Benjamin por n\u00e3o utilizar o dinheiro e que o empr\u00e9stimo foi renovado para este ano. Consultada novamente, a pasta segue culpando o antigo gestor para falta de investimentos ainda este ano. Ele foi substitu\u00eddo em junho de 2018 pela atual secret\u00e1ria, Talma Romero Suane. <\/p>\n\n\n\n<p> De acordo com a SME, j\u00e1 est\u00e3o liberados R$ 12,5 milh\u00f5es para ser usado ainda no primeiro semestre desse ano. De acordo com a pasta, o plano de a\u00e7\u00e3o de obras para a rede municipal neste ano prev\u00ea R$ 63 milh\u00f5es para atender 256 unidades, al\u00e9m de R$ 22 milh\u00f5es para climatiza\u00e7\u00e3o. Tamb\u00e9m reserva R$ 9 milh\u00f5es para retomar constru\u00e7\u00f5es de obras paralisadas da gest\u00e3o passada, de Eduardo Paes. Com o dinheiro liberado de 2018, 80 unidades j\u00e1 foram contempladas com reformas. <\/p>\n\n\n\n<p>\n\nSobre a S\u00f3crates Galv\u00eaas, a secretaria afirma que a obra est\u00e1 or\u00e7ada aguardando os tr\u00e2mites licitat\u00f3rios para in\u00edcio dos trabalhos. \u201cOs estudantes tamb\u00e9m est\u00e3o recebendo material de refor\u00e7o escolar. A Defesa Civil n\u00e3o apontou nenhuma fragilidade no pr\u00e9dio anexo\u201d, informou a pasta.\n\n<\/p>\n","protected":false},"excerpt":{"rendered":"<p>Enquanto a Prefeitura do Rio n\u00e3o gastou nenhum centavo em reformas de col\u00e9gios em cinco meses do ano, crian\u00e7as de<\/p>\n","protected":false},"author":1,"featured_media":1416,"comment_status":"closed","ping_status":"closed","sticky":false,"template":"","format":"standard","meta":{"colormag_page_container_layout":"default_layout","colormag_page_sidebar_layout":"default_layout","footnotes":""},"categories":[17],"tags":[],"class_list":["post-1415","post","type-post","status-publish","format-standard","has-post-thumbnail","hentry","category-politica"],"amp_enabled":true,"_links":{"self":[{"href":"https:\/\/maricatotal.com.br\/site\/wp-json\/wp\/v2\/posts\/1415","targetHints":{"allow":["GET"]}}],"collection":[{"href":"https:\/\/maricatotal.com.br\/site\/wp-json\/wp\/v2\/posts"}],"about":[{"href":"https:\/\/maricatotal.com.br\/site\/wp-json\/wp\/v2\/types\/post"}],"author":[{"embeddable":true,"href":"https:\/\/maricatotal.com.br\/site\/wp-json\/wp\/v2\/users\/1"}],"replies":[{"embeddable":true,"href":"https:\/\/maricatotal.com.br\/site\/wp-json\/wp\/v2\/comments?post=1415"}],"version-history":[{"count":0,"href":"https:\/\/maricatotal.com.br\/site\/wp-json\/wp\/v2\/posts\/1415\/revisions"}],"wp:featuredmedia":[{"embeddable":true,"href":"https:\/\/maricatotal.com.br\/site\/wp-json\/wp\/v2\/media\/1416"}],"wp:attachment":[{"href":"https:\/\/maricatotal.com.br\/site\/wp-json\/wp\/v2\/media?parent=1415"}],"wp:term":[{"taxonomy":"category","embeddable":true,"href":"https:\/\/maricatotal.com.br\/site\/wp-json\/wp\/v2\/categories?post=1415"},{"taxonomy":"post_tag","embeddable":true,"href":"https:\/\/maricatotal.com.br\/site\/wp-json\/wp\/v2\/tags?post=1415"}],"curies":[{"name":"wp","href":"https:\/\/api.w.org\/{rel}","templated":true}]}}