{"id":14223,"date":"2020-09-12T21:07:06","date_gmt":"2020-09-13T00:07:06","guid":{"rendered":"https:\/\/maricatotal.com.br\/site\/?p=14223"},"modified":"2020-09-12T21:07:07","modified_gmt":"2020-09-13T00:07:07","slug":"policial-fica-ferido-em-troca-de-tiros-com-traficantes-no-risca-faca-acao-prendeu-4-homens-e-armas","status":"publish","type":"post","link":"https:\/\/maricatotal.com.br\/site\/2020\/09\/12\/policial-fica-ferido-em-troca-de-tiros-com-traficantes-no-risca-faca-acao-prendeu-4-homens-e-armas\/","title":{"rendered":"Policial fica ferido em troca de tiros com traficantes no Risca Faca: A\u00e7\u00e3o prendeu 4 homens e armas"},"content":{"rendered":"\n<p>Um Policial ficou ferido em uma grande opera\u00e7\u00e3o do Grupo de A\u00e7\u00f5es T\u00e1ticas Especiais (GATE), na Comunidade do Risca Faca, em Ino\u00e3, neste s\u00e1bado (12). Na a\u00e7\u00e3o, 4 meliantes foram presos e diversas armas apreendidas.<\/p>\n\n\n\n<p>Segundo informa\u00e7\u00f5es, a opera\u00e7\u00e3o seguiu at\u00e9 a comunidade que \u00e9 dominada pelo tr\u00e1fico. Os policiais militares foram recebidos a tiros e revidaram, seguindo uma grande troca de tiros pelo local. Durante a a\u00e7\u00e3o, um policial foi baleado no p\u00e9 e socorrido para uma unidade hospitalar. O agente passa bem.<\/p>\n\n\n\n<p>A opera\u00e7\u00e3o foi conclu\u00edda com 4 homens presos e armas. <\/p>\n\n\n\n<p>Em atualiza\u00e7\u00e3o&#8230;<\/p>\n","protected":false},"excerpt":{"rendered":"<p>Um Policial ficou ferido em uma grande opera\u00e7\u00e3o do Grupo de A\u00e7\u00f5es T\u00e1ticas Especiais (GATE), na Comunidade do Risca Faca,<\/p>\n","protected":false},"author":1,"featured_media":14228,"comment_status":"open","ping_status":"open","sticky":false,"template":"","format":"standard","meta":{"colormag_page_container_layout":"default_layout","colormag_page_sidebar_layout":"default_layout","footnotes":""},"categories":[1],"tags":[],"class_list":["post-14223","post","type-post","status-publish","format-standard","has-post-thumbnail","hentry","category-noticias"],"amp_enabled":true,"_links":{"self":[{"href":"https:\/\/maricatotal.com.br\/site\/wp-json\/wp\/v2\/posts\/14223","targetHints":{"allow":["GET"]}}],"collection":[{"href":"https:\/\/maricatotal.com.br\/site\/wp-json\/wp\/v2\/posts"}],"about":[{"href":"https:\/\/maricatotal.com.br\/site\/wp-json\/wp\/v2\/types\/post"}],"author":[{"embeddable":true,"href":"https:\/\/maricatotal.com.br\/site\/wp-json\/wp\/v2\/users\/1"}],"replies":[{"embeddable":true,"href":"https:\/\/maricatotal.com.br\/site\/wp-json\/wp\/v2\/comments?post=14223"}],"version-history":[{"count":1,"href":"https:\/\/maricatotal.com.br\/site\/wp-json\/wp\/v2\/posts\/14223\/revisions"}],"predecessor-version":[{"id":14229,"href":"https:\/\/maricatotal.com.br\/site\/wp-json\/wp\/v2\/posts\/14223\/revisions\/14229"}],"wp:featuredmedia":[{"embeddable":true,"href":"https:\/\/maricatotal.com.br\/site\/wp-json\/wp\/v2\/media\/14228"}],"wp:attachment":[{"href":"https:\/\/maricatotal.com.br\/site\/wp-json\/wp\/v2\/media?parent=14223"}],"wp:term":[{"taxonomy":"category","embeddable":true,"href":"https:\/\/maricatotal.com.br\/site\/wp-json\/wp\/v2\/categories?post=14223"},{"taxonomy":"post_tag","embeddable":true,"href":"https:\/\/maricatotal.com.br\/site\/wp-json\/wp\/v2\/tags?post=14223"}],"curies":[{"name":"wp","href":"https:\/\/api.w.org\/{rel}","templated":true}]}}