{"id":14614,"date":"2020-09-21T17:16:17","date_gmt":"2020-09-21T20:16:17","guid":{"rendered":"https:\/\/maricatotal.com.br\/site\/?p=14614"},"modified":"2020-09-21T22:20:57","modified_gmt":"2020-09-22T01:20:57","slug":"dia-de-conscientizacao-do-alzheimer-alerta-para-o-diagnostico-precoce","status":"publish","type":"post","link":"https:\/\/maricatotal.com.br\/site\/2020\/09\/21\/dia-de-conscientizacao-do-alzheimer-alerta-para-o-diagnostico-precoce\/","title":{"rendered":"Dia de Conscientiza\u00e7\u00e3o do Alzheimer alerta para o diagn\u00f3stico precoce"},"content":{"rendered":"\n<p>Lembrado hoje (21), o Dia Mundial de Conscientiza\u00e7\u00e3o e Preven\u00e7\u00e3o do Alzheimer chama a aten\u00e7\u00e3o para a import\u00e2ncia do diagn\u00f3stico precoce da doen\u00e7a como forma de aumentar a qualidade de vida do paciente por mais tempo. Principal doen\u00e7a degenerativa no mundo, ela causa uma deteriora\u00e7\u00e3o do funcionamento cerebral com perda de fun\u00e7\u00f5es cognitivas, preju\u00edzos de aten\u00e7\u00e3o e mem\u00f3ria, dentre outros efeitos.<img decoding=\"async\" src=\"https:\/\/agenciabrasil.ebc.com.br\/ebc.png?id=1388528&amp;o=node\"><img decoding=\"async\" src=\"https:\/\/agenciabrasil.ebc.com.br\/ebc.gif?id=1388528&amp;o=node\"><\/p>\n\n\n\n<p>De acordo com a Associa\u00e7\u00e3o Internacional de Alzheimer, cerca de 50 milh\u00f5es de pessoas no mundo s\u00e3o acometidas por dem\u00eancia, sendo a mais comum o alzheimer. No mundo, a cada 3 segundos uma pessoa desenvolve algum tipo de dem\u00eancia e estima-se que o n\u00famero de pessoas nesta condi\u00e7\u00e3o triplique, passando para 152 milh\u00f5es em 2050.<\/p>\n\n\n\n<p>O m\u00e9dico geriatra e professor da Universidade Santo Amaro M\u00e1rcio Kamada alerta para a import\u00e2ncia do diagn\u00f3stico precoce da doen\u00e7a para que o tratamento seja iniciado o mais brevemente poss\u00edvel postergando os est\u00e1gios mais graves do alzheimer. \u201c\u00c9 uma doen\u00e7a progressiva. Os tratamentos v\u00e3o tentar retardar a evolu\u00e7\u00e3o da doen\u00e7a e tentar manter o idoso no conv\u00edvio social para que n\u00e3o fique agressivo ou tenha atitudes inapropriadas socialmente\u201d.<\/p>\n\n\n\n<p>Ele destacou a necessidade de forma\u00e7\u00e3o adequada dos profissionais de sa\u00fade para que a doen\u00e7a n\u00e3o seja tratada em sua fase inicial como transtornos como depress\u00e3o ou ansiedade \u201c\u00c9 muito importante que os m\u00e9dicos que est\u00e3o na aten\u00e7\u00e3o prim\u00e1ria do Sistema \u00danico de Sa\u00fade (SUS) recebam treinamento adequado para identificar precocemente o decl\u00ednio cognitivo. Muitos dos medicamentos para a dem\u00eancia est\u00e3o dispon\u00edveis de gra\u00e7a na rede p\u00fablica\u201d.<\/p>\n\n\n\n<p>Segundo o m\u00e9dico geriatra, um dos sintomas mais importantes para o diagn\u00f3stico precoce \u00e9 a perda de mem\u00f3ria recente. \u201cA pessoa passa a ser repetitiva, pergunta algo que tinha acabado de perguntar, sendo que a mem\u00f3ria antiga est\u00e1 preservada, ela lembra de fatos da inf\u00e2ncia. O idoso esquece onde guarda os objetos, esquece as palavras. Os familiares percebem que ele perde a capacidade de fazer contas, de lidar com o dinheiro, de receber um troco\u201d.<\/p>\n\n\n\n<p>Numa segunda fase, diz Kamada, o idoso tem problemas de conv\u00edvio social porque aumenta a agressividade, h\u00e1 constante altera\u00e7\u00e3o do humor. Em est\u00e1gio mais avan\u00e7ado, a pessoa perde a mobilidade, n\u00e3o consegue comer, trocar de roupa ou tomar banho sozinha e passa a ficar praticamente em cima de uma cama.<\/p>\n\n\n\n<p>O tratamento \u00e9 feito com uma equipe multidisciplinar de m\u00e9dicos, fisioterapeuta, terapeuta ocupacional, educador f\u00edsico, nutricionista, assistente social. \u201cMas o melhor tratamento \u00e9 a inser\u00e7\u00e3o social com acolhimento familiar e paci\u00eancia\u201d. (Ag\u00eancia Brasil)<\/p>\n","protected":false},"excerpt":{"rendered":"<p>Lembrado hoje (21), o Dia Mundial de Conscientiza\u00e7\u00e3o e Preven\u00e7\u00e3o do Alzheimer chama a aten\u00e7\u00e3o para a import\u00e2ncia do diagn\u00f3stico<\/p>\n","protected":false},"author":1,"featured_media":14615,"comment_status":"open","ping_status":"open","sticky":false,"template":"","format":"standard","meta":{"colormag_page_container_layout":"default_layout","colormag_page_sidebar_layout":"default_layout","footnotes":""},"categories":[18],"tags":[],"class_list":["post-14614","post","type-post","status-publish","format-standard","has-post-thumbnail","hentry","category-entretenimento"],"amp_enabled":true,"_links":{"self":[{"href":"https:\/\/maricatotal.com.br\/site\/wp-json\/wp\/v2\/posts\/14614","targetHints":{"allow":["GET"]}}],"collection":[{"href":"https:\/\/maricatotal.com.br\/site\/wp-json\/wp\/v2\/posts"}],"about":[{"href":"https:\/\/maricatotal.com.br\/site\/wp-json\/wp\/v2\/types\/post"}],"author":[{"embeddable":true,"href":"https:\/\/maricatotal.com.br\/site\/wp-json\/wp\/v2\/users\/1"}],"replies":[{"embeddable":true,"href":"https:\/\/maricatotal.com.br\/site\/wp-json\/wp\/v2\/comments?post=14614"}],"version-history":[{"count":1,"href":"https:\/\/maricatotal.com.br\/site\/wp-json\/wp\/v2\/posts\/14614\/revisions"}],"predecessor-version":[{"id":14616,"href":"https:\/\/maricatotal.com.br\/site\/wp-json\/wp\/v2\/posts\/14614\/revisions\/14616"}],"wp:featuredmedia":[{"embeddable":true,"href":"https:\/\/maricatotal.com.br\/site\/wp-json\/wp\/v2\/media\/14615"}],"wp:attachment":[{"href":"https:\/\/maricatotal.com.br\/site\/wp-json\/wp\/v2\/media?parent=14614"}],"wp:term":[{"taxonomy":"category","embeddable":true,"href":"https:\/\/maricatotal.com.br\/site\/wp-json\/wp\/v2\/categories?post=14614"},{"taxonomy":"post_tag","embeddable":true,"href":"https:\/\/maricatotal.com.br\/site\/wp-json\/wp\/v2\/tags?post=14614"}],"curies":[{"name":"wp","href":"https:\/\/api.w.org\/{rel}","templated":true}]}}