{"id":14664,"date":"2020-09-22T12:32:56","date_gmt":"2020-09-22T15:32:56","guid":{"rendered":"https:\/\/maricatotal.com.br\/site\/?p=14664"},"modified":"2020-09-22T12:55:58","modified_gmt":"2020-09-22T15:55:58","slug":"chuva-intensa-deixa-ruas-do-centro-de-marica-totalmente-alagadas","status":"publish","type":"post","link":"https:\/\/maricatotal.com.br\/site\/2020\/09\/22\/chuva-intensa-deixa-ruas-do-centro-de-marica-totalmente-alagadas\/","title":{"rendered":"Chuva intensa deixa ruas do Centro de Maric\u00e1 totalmente alagadas"},"content":{"rendered":"\n<p>A intensa chuva no munic\u00edpio de Maric\u00e1 desde a manh\u00e3 desta ter\u00e7a-feira (22) alagou v\u00e1rias ruas do Centro da cidade, causando transtornos a moradores e no com\u00e9rcio.<\/p>\n\n\n\n<p>Vias importantes da cidade como a Rua Francisco Sabino da Costa, Avenida Roberto da Silveira, Rua Atha\u00edde Parreiras, Rua Pereira Neves e Rua das Quitanilhas est\u00e3o totalmente alagadas neste momento. <\/p>\n\n\n\n<p>V\u00e1rios com\u00e9rcios da cidade tiveram que fechar devido a alagamentos. Pr\u00f3ximo ao Hospital Municipal Conde Modesto Leal, \u00e9 imposs\u00edvel passar at\u00e9 de carro.<\/p>\n\n\n\n<p>A Defesa Civil foi acionada e trabalha em toda cidade, pois h\u00e1 registros de alagamentos tamb\u00e9m em S\u00e3o Jos\u00e9 do Imbassa\u00ed, Ino\u00e3 e Recanto de Itaipua\u00e7u.<\/p>\n\n\n\n<figure class=\"wp-block-image size-large\"><img loading=\"lazy\" decoding=\"async\" width=\"1024\" height=\"858\" src=\"https:\/\/maricatotal.com.br\/site\/wp-content\/uploads\/2020\/09\/A7232A37-2992-4252-A733-949AA991AF2F-1024x858.png\" alt=\"\" class=\"wp-image-14675\" srcset=\"https:\/\/maricatotal.com.br\/site\/wp-content\/uploads\/2020\/09\/A7232A37-2992-4252-A733-949AA991AF2F-1024x858.png 1024w, https:\/\/maricatotal.com.br\/site\/wp-content\/uploads\/2020\/09\/A7232A37-2992-4252-A733-949AA991AF2F-300x251.png 300w, https:\/\/maricatotal.com.br\/site\/wp-content\/uploads\/2020\/09\/A7232A37-2992-4252-A733-949AA991AF2F-768x644.png 768w, https:\/\/maricatotal.com.br\/site\/wp-content\/uploads\/2020\/09\/A7232A37-2992-4252-A733-949AA991AF2F-1536x1288.png 1536w, https:\/\/maricatotal.com.br\/site\/wp-content\/uploads\/2020\/09\/A7232A37-2992-4252-A733-949AA991AF2F.png 1880w\" sizes=\"auto, (max-width: 1024px) 100vw, 1024px\" \/><\/figure>\n","protected":false},"excerpt":{"rendered":"<p>A intensa chuva no munic\u00edpio de Maric\u00e1 desde a manh\u00e3 desta ter\u00e7a-feira (22) alagou v\u00e1rias ruas do Centro da cidade,<\/p>\n","protected":false},"author":1,"featured_media":14665,"comment_status":"open","ping_status":"open","sticky":false,"template":"","format":"standard","meta":{"colormag_page_container_layout":"default_layout","colormag_page_sidebar_layout":"default_layout","footnotes":""},"categories":[14],"tags":[],"class_list":["post-14664","post","type-post","status-publish","format-standard","has-post-thumbnail","hentry","category-bairros"],"amp_enabled":true,"_links":{"self":[{"href":"https:\/\/maricatotal.com.br\/site\/wp-json\/wp\/v2\/posts\/14664","targetHints":{"allow":["GET"]}}],"collection":[{"href":"https:\/\/maricatotal.com.br\/site\/wp-json\/wp\/v2\/posts"}],"about":[{"href":"https:\/\/maricatotal.com.br\/site\/wp-json\/wp\/v2\/types\/post"}],"author":[{"embeddable":true,"href":"https:\/\/maricatotal.com.br\/site\/wp-json\/wp\/v2\/users\/1"}],"replies":[{"embeddable":true,"href":"https:\/\/maricatotal.com.br\/site\/wp-json\/wp\/v2\/comments?post=14664"}],"version-history":[{"count":3,"href":"https:\/\/maricatotal.com.br\/site\/wp-json\/wp\/v2\/posts\/14664\/revisions"}],"predecessor-version":[{"id":14676,"href":"https:\/\/maricatotal.com.br\/site\/wp-json\/wp\/v2\/posts\/14664\/revisions\/14676"}],"wp:featuredmedia":[{"embeddable":true,"href":"https:\/\/maricatotal.com.br\/site\/wp-json\/wp\/v2\/media\/14665"}],"wp:attachment":[{"href":"https:\/\/maricatotal.com.br\/site\/wp-json\/wp\/v2\/media?parent=14664"}],"wp:term":[{"taxonomy":"category","embeddable":true,"href":"https:\/\/maricatotal.com.br\/site\/wp-json\/wp\/v2\/categories?post=14664"},{"taxonomy":"post_tag","embeddable":true,"href":"https:\/\/maricatotal.com.br\/site\/wp-json\/wp\/v2\/tags?post=14664"}],"curies":[{"name":"wp","href":"https:\/\/api.w.org\/{rel}","templated":true}]}}