{"id":14704,"date":"2020-09-23T07:57:35","date_gmt":"2020-09-23T10:57:35","guid":{"rendered":"https:\/\/maricatotal.com.br\/site\/?p=14704"},"modified":"2020-09-23T07:57:36","modified_gmt":"2020-09-23T10:57:36","slug":"prorrogada-por-3-meses-concessao-de-linhas-municipais-da-viacao-ns-do-amparo-2","status":"publish","type":"post","link":"https:\/\/maricatotal.com.br\/site\/2020\/09\/23\/prorrogada-por-3-meses-concessao-de-linhas-municipais-da-viacao-ns-do-amparo-2\/","title":{"rendered":"Prorrogada por 3 meses concess\u00e3o de linhas municipais da Via\u00e7\u00e3o NS do Amparo"},"content":{"rendered":"\n<p>Ser\u00e1 prorrogada por mais 3 meses a concess\u00e3o de linhas municipais a empresa Via\u00e7\u00e3o Nossa Senhora do Amparo. O contrato que terminaria em outubro seguir\u00e1 at\u00e9 janeiro.<\/p>\n\n\n\n<p>Esse n\u00e3o era o desejo da Prefeitura de Maric\u00e1 que tinha a inten\u00e7\u00e3o de assumir o comando das linhas em toda cidade, colocando \u2018Vermelinhos\u2019 para atuar no terceiro e quarto distritos do munic\u00edpio, mas devido a pandemia da Covid-19 n\u00e3o ser\u00e1 poss\u00edvel.<\/p>\n\n\n\n<p>A Secretaria de Comunica\u00e7\u00e3o emitiu um nota oficial sobre o assunto, confira:<\/p>\n\n\n\n<p>Em fun\u00e7\u00e3o da pandemia da Covid-19, que obrigou todas as prefeituras a refazerem as suas prioridades or\u00e7ament\u00e1rias no ano de 2020, a Prefeitura de Maric\u00e1 far\u00e1 uma prorroga\u00e7\u00e3o excepcional do contrato de concess\u00e3o de transporte p\u00fablico com a empresa Nossa Senhora do Amparo por 90 dias. A Prefeitura est\u00e1 tomando todas as provid\u00eancias legais para isso.<\/p>\n","protected":false},"excerpt":{"rendered":"<p>Ser\u00e1 prorrogada por mais 3 meses a concess\u00e3o de linhas municipais a empresa Via\u00e7\u00e3o Nossa Senhora do Amparo. O contrato<\/p>\n","protected":false},"author":1,"featured_media":14703,"comment_status":"open","ping_status":"open","sticky":false,"template":"","format":"standard","meta":{"colormag_page_container_layout":"default_layout","colormag_page_sidebar_layout":"default_layout","footnotes":""},"categories":[17],"tags":[],"class_list":["post-14704","post","type-post","status-publish","format-standard","has-post-thumbnail","hentry","category-politica"],"amp_enabled":true,"_links":{"self":[{"href":"https:\/\/maricatotal.com.br\/site\/wp-json\/wp\/v2\/posts\/14704","targetHints":{"allow":["GET"]}}],"collection":[{"href":"https:\/\/maricatotal.com.br\/site\/wp-json\/wp\/v2\/posts"}],"about":[{"href":"https:\/\/maricatotal.com.br\/site\/wp-json\/wp\/v2\/types\/post"}],"author":[{"embeddable":true,"href":"https:\/\/maricatotal.com.br\/site\/wp-json\/wp\/v2\/users\/1"}],"replies":[{"embeddable":true,"href":"https:\/\/maricatotal.com.br\/site\/wp-json\/wp\/v2\/comments?post=14704"}],"version-history":[{"count":1,"href":"https:\/\/maricatotal.com.br\/site\/wp-json\/wp\/v2\/posts\/14704\/revisions"}],"predecessor-version":[{"id":14705,"href":"https:\/\/maricatotal.com.br\/site\/wp-json\/wp\/v2\/posts\/14704\/revisions\/14705"}],"wp:featuredmedia":[{"embeddable":true,"href":"https:\/\/maricatotal.com.br\/site\/wp-json\/wp\/v2\/media\/14703"}],"wp:attachment":[{"href":"https:\/\/maricatotal.com.br\/site\/wp-json\/wp\/v2\/media?parent=14704"}],"wp:term":[{"taxonomy":"category","embeddable":true,"href":"https:\/\/maricatotal.com.br\/site\/wp-json\/wp\/v2\/categories?post=14704"},{"taxonomy":"post_tag","embeddable":true,"href":"https:\/\/maricatotal.com.br\/site\/wp-json\/wp\/v2\/tags?post=14704"}],"curies":[{"name":"wp","href":"https:\/\/api.w.org\/{rel}","templated":true}]}}