{"id":14933,"date":"2020-09-29T15:28:06","date_gmt":"2020-09-29T18:28:06","guid":{"rendered":"https:\/\/maricatotal.com.br\/site\/?p=14933"},"modified":"2020-09-29T15:29:08","modified_gmt":"2020-09-29T18:29:08","slug":"rj-106-acidente-entre-carro-e-moto-deixa-homem-ferido-no-parque-nanci","status":"publish","type":"post","link":"https:\/\/maricatotal.com.br\/site\/2020\/09\/29\/rj-106-acidente-entre-carro-e-moto-deixa-homem-ferido-no-parque-nanci\/","title":{"rendered":"RJ-106: Acidente entre carro e moto deixa homem ferido no Parque Nanci"},"content":{"rendered":"\n<p>Um acidente entre um carro e uma moto deixou um homem ferido na Rodovia Amaral Peixoto, RJ-106, no Parque Nanci, sentido Maric\u00e1, no in\u00edcio da tarde desta ter\u00e7a-feira (29).<\/p>\n\n\n\n<p>Segundo informa\u00e7\u00f5es, o carro de modelo Ford Ka saiu do retorno para seguir para RJ-106, quando o motociclista vinha em alta velocidade, n\u00e3o conseguindo frear, batendo na lateral do ve\u00edculo. Com o impacto da batida, o homem sofreu diversos ferimentos pelo corpo.<\/p>\n\n\n\n<p>Populares acionaram o Corpo de Bombeiros que seguiram para o local e efetuaram os primeiros socorros para a v\u00edtima. Em seguida, o homem foi levado para o Hospital Municipal Conde Modesto Leal, no Centro de Maric\u00e1.<\/p>\n\n\n\n<p>O motociclista foi identificado com Luis Fernando Ferreira, de 32 anos. Policiais do Batalh\u00e3o de Pol\u00edcia Rodovi\u00e1ria (BPRv) seguiram at\u00e9 o local do acidente e controlaram o tr\u00e2nsito.  <\/p>\n","protected":false},"excerpt":{"rendered":"<p>Um acidente entre um carro e uma moto deixou um homem ferido na Rodovia Amaral Peixoto, RJ-106, no Parque Nanci,<\/p>\n","protected":false},"author":1,"featured_media":13208,"comment_status":"open","ping_status":"open","sticky":false,"template":"","format":"standard","meta":{"colormag_page_container_layout":"default_layout","colormag_page_sidebar_layout":"default_layout","footnotes":""},"categories":[14],"tags":[],"class_list":["post-14933","post","type-post","status-publish","format-standard","has-post-thumbnail","hentry","category-bairros"],"amp_enabled":true,"_links":{"self":[{"href":"https:\/\/maricatotal.com.br\/site\/wp-json\/wp\/v2\/posts\/14933","targetHints":{"allow":["GET"]}}],"collection":[{"href":"https:\/\/maricatotal.com.br\/site\/wp-json\/wp\/v2\/posts"}],"about":[{"href":"https:\/\/maricatotal.com.br\/site\/wp-json\/wp\/v2\/types\/post"}],"author":[{"embeddable":true,"href":"https:\/\/maricatotal.com.br\/site\/wp-json\/wp\/v2\/users\/1"}],"replies":[{"embeddable":true,"href":"https:\/\/maricatotal.com.br\/site\/wp-json\/wp\/v2\/comments?post=14933"}],"version-history":[{"count":2,"href":"https:\/\/maricatotal.com.br\/site\/wp-json\/wp\/v2\/posts\/14933\/revisions"}],"predecessor-version":[{"id":14935,"href":"https:\/\/maricatotal.com.br\/site\/wp-json\/wp\/v2\/posts\/14933\/revisions\/14935"}],"wp:featuredmedia":[{"embeddable":true,"href":"https:\/\/maricatotal.com.br\/site\/wp-json\/wp\/v2\/media\/13208"}],"wp:attachment":[{"href":"https:\/\/maricatotal.com.br\/site\/wp-json\/wp\/v2\/media?parent=14933"}],"wp:term":[{"taxonomy":"category","embeddable":true,"href":"https:\/\/maricatotal.com.br\/site\/wp-json\/wp\/v2\/categories?post=14933"},{"taxonomy":"post_tag","embeddable":true,"href":"https:\/\/maricatotal.com.br\/site\/wp-json\/wp\/v2\/tags?post=14933"}],"curies":[{"name":"wp","href":"https:\/\/api.w.org\/{rel}","templated":true}]}}