{"id":15000,"date":"2020-09-30T16:20:31","date_gmt":"2020-09-30T19:20:31","guid":{"rendered":"https:\/\/maricatotal.com.br\/site\/?p=15000"},"modified":"2020-09-30T16:20:33","modified_gmt":"2020-09-30T19:20:33","slug":"ex-secretario-de-educacao-do-rio-e-transferido-para-penitenciaria","status":"publish","type":"post","link":"https:\/\/maricatotal.com.br\/site\/2020\/09\/30\/ex-secretario-de-educacao-do-rio-e-transferido-para-penitenciaria\/","title":{"rendered":"Ex-secret\u00e1rio de Educa\u00e7\u00e3o do Rio \u00e9 transferido para penitenci\u00e1ria"},"content":{"rendered":"\n<p>O ex-secret\u00e1rio de estado de Educa\u00e7\u00e3o do Rio de Janeiro Pedro Fernandes foi transferido hoje (30) para o sistema prisional. A Secretaria de Estado de Administra\u00e7\u00e3o Penitenci\u00e1ria (Seap) confirmou que ele ingressou no pres\u00eddio Jos\u00e9 Frederico Marques, em Benfica.<img decoding=\"async\" src=\"https:\/\/agenciabrasil.ebc.com.br\/ebc.png?id=1389361&amp;o=node\"><img decoding=\"async\" src=\"https:\/\/agenciabrasil.ebc.com.br\/ebc.gif?id=1389361&amp;o=node\"><\/p>\n\n\n\n<p>Fernandes foi preso no dia 11, em um desdobramento da\u00a0Opera\u00e7\u00e3o Catarata, de 2019, mas apresentou exame de teste positivo para a covid-19 e ficou em pris\u00e3o domiciliar. Ele \u00e9 suspeito de envolvimento em esquema de desvios de recursos p\u00fablicos em contratos da \u00e1rea de assist\u00eancia social no estado e no munic\u00edpio do Rio de Janeiro, entre 2013 e 2018. Tamb\u00e9m foi presa na opera\u00e7\u00e3o do dia 11 a\u00a0ex-deputada federal Cristiane Brasil.<\/p>\n\n\n\n<p>O pedido de transfer\u00eancia de Pedro Fernandes para o sistema prisional foi feito ontem (29) pelo Minist\u00e9rio P\u00fablico do Estado do Rio de Janeiro (MPRJ).<\/p>\n\n\n\n<p>A investiga\u00e7\u00e3o aponta para fraudes na Funda\u00e7\u00e3o Le\u00e3o XIII, entidade estadual voltada para o atendimento a popula\u00e7\u00f5es de baixa renda e moradores de rua do Rio de Janeiro, e nas secretarias municipais de Envelhecimento Saud\u00e1vel e Qualidade de Vida e de Prote\u00e7\u00e3o \u00e0 Pessoa com Defici\u00eancia do Rio de Janeiro.<\/p>\n","protected":false},"excerpt":{"rendered":"<p>O ex-secret\u00e1rio de estado de Educa\u00e7\u00e3o do Rio de Janeiro Pedro Fernandes foi transferido hoje (30) para o sistema prisional.<\/p>\n","protected":false},"author":1,"featured_media":15001,"comment_status":"open","ping_status":"open","sticky":false,"template":"","format":"standard","meta":{"colormag_page_container_layout":"default_layout","colormag_page_sidebar_layout":"default_layout","footnotes":""},"categories":[1,17],"tags":[],"class_list":["post-15000","post","type-post","status-publish","format-standard","has-post-thumbnail","hentry","category-noticias","category-politica"],"amp_enabled":true,"_links":{"self":[{"href":"https:\/\/maricatotal.com.br\/site\/wp-json\/wp\/v2\/posts\/15000","targetHints":{"allow":["GET"]}}],"collection":[{"href":"https:\/\/maricatotal.com.br\/site\/wp-json\/wp\/v2\/posts"}],"about":[{"href":"https:\/\/maricatotal.com.br\/site\/wp-json\/wp\/v2\/types\/post"}],"author":[{"embeddable":true,"href":"https:\/\/maricatotal.com.br\/site\/wp-json\/wp\/v2\/users\/1"}],"replies":[{"embeddable":true,"href":"https:\/\/maricatotal.com.br\/site\/wp-json\/wp\/v2\/comments?post=15000"}],"version-history":[{"count":1,"href":"https:\/\/maricatotal.com.br\/site\/wp-json\/wp\/v2\/posts\/15000\/revisions"}],"predecessor-version":[{"id":15002,"href":"https:\/\/maricatotal.com.br\/site\/wp-json\/wp\/v2\/posts\/15000\/revisions\/15002"}],"wp:featuredmedia":[{"embeddable":true,"href":"https:\/\/maricatotal.com.br\/site\/wp-json\/wp\/v2\/media\/15001"}],"wp:attachment":[{"href":"https:\/\/maricatotal.com.br\/site\/wp-json\/wp\/v2\/media?parent=15000"}],"wp:term":[{"taxonomy":"category","embeddable":true,"href":"https:\/\/maricatotal.com.br\/site\/wp-json\/wp\/v2\/categories?post=15000"},{"taxonomy":"post_tag","embeddable":true,"href":"https:\/\/maricatotal.com.br\/site\/wp-json\/wp\/v2\/tags?post=15000"}],"curies":[{"name":"wp","href":"https:\/\/api.w.org\/{rel}","templated":true}]}}