{"id":15649,"date":"2020-10-15T13:01:14","date_gmt":"2020-10-15T16:01:14","guid":{"rendered":"https:\/\/maricatotal.com.br\/site\/?p=15649"},"modified":"2020-10-15T13:01:15","modified_gmt":"2020-10-15T16:01:15","slug":"homem-armado-e-preso-apos-ameacar-funcionarios-da-enel-em-bambui","status":"publish","type":"post","link":"https:\/\/maricatotal.com.br\/site\/2020\/10\/15\/homem-armado-e-preso-apos-ameacar-funcionarios-da-enel-em-bambui\/","title":{"rendered":"Homem armado \u00e9 preso ap\u00f3s amea\u00e7ar funcion\u00e1rios da Enel em Bambu\u00ed"},"content":{"rendered":"\n<p>Policiais Militares do Programa Estadual de Integra\u00e7\u00e3o na Seguran\u00e7a (PROEIS) prenderam um homem armado que amea\u00e7ou funcion\u00e1rios da Enel na tarde desta quinta-feira,15, em Bambu\u00ed.<\/p>\n\n\n\n<p>De acordo com informa\u00e7\u00f5es, o homem estava amea\u00e7ando os funcion\u00e1rios da concession\u00e1ria e estava armado. <\/p>\n\n\n\n<p>Os funcion\u00e1rios pediram ajuda policial e logo foi atendido por uma viatura do PROEIS que foi rapidamente at\u00e9 o local. O acusado, de 45 anos, foi levado para a 82\u00aa DP. O rev\u00f3lver calibre 32 que estava com ele foi apreendido.<\/p>\n\n\n\n<figure class=\"wp-block-image size-large\"><img loading=\"lazy\" decoding=\"async\" width=\"1024\" height=\"472\" src=\"https:\/\/maricatotal.com.br\/site\/wp-content\/uploads\/2020\/10\/eZy_watermark_15-10-2020_12-58-51-1024x472.jpg\" alt=\"\" class=\"wp-image-15652\" srcset=\"https:\/\/maricatotal.com.br\/site\/wp-content\/uploads\/2020\/10\/eZy_watermark_15-10-2020_12-58-51-1024x472.jpg 1024w, https:\/\/maricatotal.com.br\/site\/wp-content\/uploads\/2020\/10\/eZy_watermark_15-10-2020_12-58-51-300x138.jpg 300w, https:\/\/maricatotal.com.br\/site\/wp-content\/uploads\/2020\/10\/eZy_watermark_15-10-2020_12-58-51-768x354.jpg 768w, https:\/\/maricatotal.com.br\/site\/wp-content\/uploads\/2020\/10\/eZy_watermark_15-10-2020_12-58-51.jpg 1280w\" sizes=\"auto, (max-width: 1024px) 100vw, 1024px\" \/><\/figure>\n","protected":false},"excerpt":{"rendered":"<p>Policiais Militares do Programa Estadual de Integra\u00e7\u00e3o na Seguran\u00e7a (PROEIS) prenderam um homem armado que amea\u00e7ou funcion\u00e1rios da Enel na<\/p>\n","protected":false},"author":1,"featured_media":15651,"comment_status":"open","ping_status":"open","sticky":false,"template":"","format":"standard","meta":{"colormag_page_container_layout":"default_layout","colormag_page_sidebar_layout":"default_layout","footnotes":""},"categories":[1],"tags":[],"class_list":["post-15649","post","type-post","status-publish","format-standard","has-post-thumbnail","hentry","category-noticias"],"amp_enabled":true,"_links":{"self":[{"href":"https:\/\/maricatotal.com.br\/site\/wp-json\/wp\/v2\/posts\/15649","targetHints":{"allow":["GET"]}}],"collection":[{"href":"https:\/\/maricatotal.com.br\/site\/wp-json\/wp\/v2\/posts"}],"about":[{"href":"https:\/\/maricatotal.com.br\/site\/wp-json\/wp\/v2\/types\/post"}],"author":[{"embeddable":true,"href":"https:\/\/maricatotal.com.br\/site\/wp-json\/wp\/v2\/users\/1"}],"replies":[{"embeddable":true,"href":"https:\/\/maricatotal.com.br\/site\/wp-json\/wp\/v2\/comments?post=15649"}],"version-history":[{"count":2,"href":"https:\/\/maricatotal.com.br\/site\/wp-json\/wp\/v2\/posts\/15649\/revisions"}],"predecessor-version":[{"id":15653,"href":"https:\/\/maricatotal.com.br\/site\/wp-json\/wp\/v2\/posts\/15649\/revisions\/15653"}],"wp:featuredmedia":[{"embeddable":true,"href":"https:\/\/maricatotal.com.br\/site\/wp-json\/wp\/v2\/media\/15651"}],"wp:attachment":[{"href":"https:\/\/maricatotal.com.br\/site\/wp-json\/wp\/v2\/media?parent=15649"}],"wp:term":[{"taxonomy":"category","embeddable":true,"href":"https:\/\/maricatotal.com.br\/site\/wp-json\/wp\/v2\/categories?post=15649"},{"taxonomy":"post_tag","embeddable":true,"href":"https:\/\/maricatotal.com.br\/site\/wp-json\/wp\/v2\/tags?post=15649"}],"curies":[{"name":"wp","href":"https:\/\/api.w.org\/{rel}","templated":true}]}}