{"id":15665,"date":"2020-10-15T13:38:02","date_gmt":"2020-10-15T16:38:02","guid":{"rendered":"https:\/\/maricatotal.com.br\/site\/?p=15665"},"modified":"2020-10-15T13:38:03","modified_gmt":"2020-10-15T16:38:03","slug":"caixa-libera-saque-do-auxilio-emergencial-para-nascidos-em-setembro","status":"publish","type":"post","link":"https:\/\/maricatotal.com.br\/site\/2020\/10\/15\/caixa-libera-saque-do-auxilio-emergencial-para-nascidos-em-setembro\/","title":{"rendered":"Caixa libera saque do aux\u00edlio emergencial para nascidos em setembro"},"content":{"rendered":"\n<p>A Caixa Econ\u00f4mica Federal libera hoje (15) os saques e transfer\u00eancias de parcelas do aux\u00edlio emergencial para 4 milh\u00f5es de pessoas nascidas em setembro. Esses benefici\u00e1rios, que n\u00e3o fazem parte do Bolsa Fam\u00edlia, tiveram o dinheiro creditado na poupan\u00e7a social digital no dia 25 de setembro. Foram pagos, na ocasi\u00e3o, R$ 2,6 bilh\u00f5es para esse p\u00fablico, no ciclo 2 de pagamentos do programa.<img decoding=\"async\" src=\"https:\/\/agenciabrasil.ebc.com.br\/ebc.png?id=1390693&amp;o=node\"><img decoding=\"async\" src=\"https:\/\/agenciabrasil.ebc.com.br\/ebc.gif?id=1390693&amp;o=node\"><\/p>\n\n\n\n<p>Os saques em dinheiro podem ser feitos nas lot\u00e9ricas, correspondentes Caixa Aqui ou mesmo nas ag\u00eancias. A Caixa refor\u00e7a que n\u00e3o \u00e9 preciso madrugar nas filas \u00e0 espera de atendimento. Todas as pessoas que comparecerem, de segunda a sexta, das 8h \u00e0s 13h, ser\u00e3o atendidas no mesmo dia.<\/p>\n\n\n\n<p>Al\u00e9m disso, ainda \u00e9 poss\u00edvel movimentar os recursos pelo aplicativo Caixa Tem. Com ele \u00e9 poss\u00edvel fazer compras na internet e nas maquininhas em diversos estabelecimentos comerciais, por meio do cart\u00e3o de d\u00e9bito virtual e QR Code. O benefici\u00e1rio tamb\u00e9m pode pagar boletos e contas, como \u00e1gua e telefone, pelo pr\u00f3prio aplicativo ou nas casas lot\u00e9ricas.<\/p>\n\n\n\n<p>Para o saque em esp\u00e9cie, \u00e9 preciso fazer o&nbsp;<em>login<\/em>&nbsp;no aplicativo Caixa Tem, selecionar a op\u00e7\u00e3o \u201csaque sem cart\u00e3o\u201d e \u201cgerar c\u00f3digo de saque\u201d. Depois, o trabalhador deve inserir a senha para visualizar o c\u00f3digo de saque na tela do celular, com validade de uma hora. Esse c\u00f3digo deve ser utilizado para a retirada do dinheiro.<\/p>\n\n\n\n<h2 class=\"wp-block-heading\">Calend\u00e1rio de pagamentos<\/h2>\n\n\n\n<p>O calend\u00e1rio de pagamentos do aux\u00edlio emergencial \u00e9 organizado em ciclos de cr\u00e9dito em conta poupan\u00e7a social digital e de saque em esp\u00e9cie. Os benefici\u00e1rios recebem a parcela a que t\u00eam direito no per\u00edodo, de acordo com o m\u00eas de nascimento. Para os benefici\u00e1rios nascidos em outubro, os saques e transfer\u00eancias ser\u00e3o liberados a partir da pr\u00f3xima ter\u00e7a-feira (20).<\/p>\n\n\n\n<p>No Ciclo 2 do aux\u00edlio emergencial, mais tr\u00eas p\u00fablicos foram inclu\u00eddos: trabalhadores que fizeram o cadastro nas ag\u00eancias dos Correios entre 2 de junho e 8 de julho; trabalhadores que fizeram a contesta\u00e7\u00e3o pelo&nbsp;<em>site&nbsp;<\/em>da Caixa ou&nbsp;<em>App&nbsp;<\/em>Caixa Aux\u00edlio Emergencial de 3 de julho a 16 de agosto e foram considerados eleg\u00edveis; benefici\u00e1rios que tenham recebido a primeira parcela em meses anteriores, mas que tiveram o benef\u00edcio reavaliado em agosto.<\/p>\n\n\n\n<p>Aqueles que tiveram os pagamentos retidos v\u00e3o receber todas as parcelas a que t\u00eam direito de uma s\u00f3 vez, dentro do ciclo 2. J\u00e1 os trabalhadores que optaram por realizar o cadastro nos Correios e aqueles que contestaram v\u00e3o receber a primeira parcela dentro do ciclo 2. As parcelas P2 e P3 ser\u00e3o pagas no ciclo 3 e as parcelas P4 e P5, no ciclo 4. (Ag\u00eancia Brasil)<\/p>\n","protected":false},"excerpt":{"rendered":"<p>A Caixa Econ\u00f4mica Federal libera hoje (15) os saques e transfer\u00eancias de parcelas do aux\u00edlio emergencial para 4 milh\u00f5es de<\/p>\n","protected":false},"author":1,"featured_media":15666,"comment_status":"open","ping_status":"open","sticky":false,"template":"","format":"standard","meta":{"colormag_page_container_layout":"default_layout","colormag_page_sidebar_layout":"default_layout","footnotes":""},"categories":[17],"tags":[],"class_list":["post-15665","post","type-post","status-publish","format-standard","has-post-thumbnail","hentry","category-politica"],"amp_enabled":true,"_links":{"self":[{"href":"https:\/\/maricatotal.com.br\/site\/wp-json\/wp\/v2\/posts\/15665","targetHints":{"allow":["GET"]}}],"collection":[{"href":"https:\/\/maricatotal.com.br\/site\/wp-json\/wp\/v2\/posts"}],"about":[{"href":"https:\/\/maricatotal.com.br\/site\/wp-json\/wp\/v2\/types\/post"}],"author":[{"embeddable":true,"href":"https:\/\/maricatotal.com.br\/site\/wp-json\/wp\/v2\/users\/1"}],"replies":[{"embeddable":true,"href":"https:\/\/maricatotal.com.br\/site\/wp-json\/wp\/v2\/comments?post=15665"}],"version-history":[{"count":1,"href":"https:\/\/maricatotal.com.br\/site\/wp-json\/wp\/v2\/posts\/15665\/revisions"}],"predecessor-version":[{"id":15667,"href":"https:\/\/maricatotal.com.br\/site\/wp-json\/wp\/v2\/posts\/15665\/revisions\/15667"}],"wp:featuredmedia":[{"embeddable":true,"href":"https:\/\/maricatotal.com.br\/site\/wp-json\/wp\/v2\/media\/15666"}],"wp:attachment":[{"href":"https:\/\/maricatotal.com.br\/site\/wp-json\/wp\/v2\/media?parent=15665"}],"wp:term":[{"taxonomy":"category","embeddable":true,"href":"https:\/\/maricatotal.com.br\/site\/wp-json\/wp\/v2\/categories?post=15665"},{"taxonomy":"post_tag","embeddable":true,"href":"https:\/\/maricatotal.com.br\/site\/wp-json\/wp\/v2\/tags?post=15665"}],"curies":[{"name":"wp","href":"https:\/\/api.w.org\/{rel}","templated":true}]}}