{"id":15686,"date":"2020-10-16T13:52:55","date_gmt":"2020-10-16T16:52:55","guid":{"rendered":"https:\/\/maricatotal.com.br\/site\/?p=15686"},"modified":"2020-10-16T13:52:56","modified_gmt":"2020-10-16T16:52:56","slug":"estao-abertas-as-inscricoes-para-residencia-medica-do-huap","status":"publish","type":"post","link":"https:\/\/maricatotal.com.br\/site\/2020\/10\/16\/estao-abertas-as-inscricoes-para-residencia-medica-do-huap\/","title":{"rendered":"Est\u00e3o abertas as inscri\u00e7\u00f5es para Resid\u00eancia M\u00e9dica do HUAP"},"content":{"rendered":"\n<p>Est\u00e3o abertas, at\u00e9 o dia 27 de outubro, as inscri\u00e7\u00f5es para a Resid\u00eancia M\u00e9dica 2021 do Hospital Universit\u00e1rio Ant\u00f4nio Pedro (HUAP). S\u00e3o diversas especialidades, totalizando 92 vagas no edital, com dura\u00e7\u00e3o do programa de um a tr\u00eas anos, a depender da \u00e1rea de atua\u00e7\u00e3o. A organiza\u00e7\u00e3o do processo seletivo \u00e9 da Comiss\u00e3o de Resid\u00eancia M\u00e9dica (COREME) do hospital. A prova ser\u00e1 realizada no dia 31 de janeiro do pr\u00f3ximo ano e, por conta da pandemia de coronav\u00edrus, algumas altera\u00e7\u00f5es ser\u00e3o feitas para a seguran\u00e7a de todos.<\/p>\n\n\n\n<p>As chamadas medidas de precau\u00e7\u00e3o de contato e rastreabilidade de infec\u00e7\u00f5es, especialmente aquelas relacionadas \u00e0 Covid-19, foram criadas com o intuito de diminuir o tempo de exposi\u00e7\u00e3o e contato do candidato e poss\u00edveis aglomera\u00e7\u00f5es. As principais medidas s\u00e3o: uso obrigat\u00f3rio de m\u00e1scara durante toda a realiza\u00e7\u00e3o da prova; aferi\u00e7\u00e3o da temperatura no ato de admiss\u00e3o no local; assentos espa\u00e7ados pr\u00e9-determinados para manter o distanciamento; recomenda\u00e7\u00e3o de higiene das m\u00e3os com \u00e1lcool em gel, disponibilizado na entrada da sala; e diminui\u00e7\u00e3o no tempo de dura\u00e7\u00e3o da prova, de 4h30 para 2h30.<\/p>\n\n\n\n<p>&#8220;N\u00f3s remarcamos a prova para janeiro com a esperan\u00e7a de que a situa\u00e7\u00e3o da pandemia esteja melhor do que em novembro, que \u00e9 quando tradicionalmente \u00e9 feita. Nunca foi t\u00e3o tarde assim. Foi importante tamb\u00e9m diminuir esse tempo de prova, pois voc\u00ea tem que levar em conta que o candidato deve chegar uma hora antes, sendo acrescido \u00e0 dura\u00e7\u00e3o. Ent\u00e3o, diminu\u00edmos o n\u00famero de quest\u00f5es. A prova do \u00faltimo ano teve 80 quest\u00f5es. Agora ser\u00e3o 50 quest\u00f5es&#8221;, explica o Coordenador Geral da COREME, Professor Wolney Martins.<\/p>\n\n\n\n<p>O professor acrescenta que ser\u00e3o disponibilizadas o dobro de salas para que haja o distanciamento correto entre os candidatos. Outra novidade deste ano \u00e9 a elimina\u00e7\u00e3o da avalia\u00e7\u00e3o curricular. O concurso sempre seguiu o tradicional modelo 90-10, que \u00e9 90% de prova e 10% de avalia\u00e7\u00e3o curricular. Essa \u00faltima necessitava que o candidato fosse \u00e0 COSEAC levar os documentos, al\u00e9m de bancas compostas por muitas pessoas terem que se reunir para avaliar curr\u00edculos. Ent\u00e3o, isso foi simplificado e ser\u00e1 somente a prova.<\/p>\n\n\n\n<p>Em rela\u00e7\u00e3o aos grupos de risco, \u00e9 solicitado que estas pessoas n\u00e3o se inscrevam, por conta da preocupa\u00e7\u00e3o n\u00e3o s\u00f3 com a prova, mas tamb\u00e9m, como diz Wolney, com o futuro do seu trabalho: \u201cGeralmente, o grupo de risco tem uma condi\u00e7\u00e3o cr\u00f4nica pr\u00e9-estabelecida. Se ele for aprovado, provavelmente n\u00e3o poder\u00e1 assumir, j\u00e1 que na data da posse (1\u00ba de mar\u00e7o de 2021) ele n\u00e3o vai iniciar a resid\u00eancia com a situa\u00e7\u00e3o de pandemia ainda n\u00e3o resolvida\u201d. O Coordenador complementa que, no caso de pessoas que apresentarem sintomas gripais na data do concurso, elas n\u00e3o precisar\u00e3o desistir de realizar a prova:<\/p>\n\n\n\n<p>&#8211; Teoricamente, se ele se declarar sintom\u00e1tico no dia, ser\u00e1 direcionado a uma avalia\u00e7\u00e3o m\u00e9dica. Se for o caso de alta suspei\u00e7\u00e3o de Covid-19, \u00e9 prov\u00e1vel que a gente reserve uma sala s\u00f3 para ele, como uma forma de isolamento mesmo. Se for um sintom\u00e1tico leve, ele tamb\u00e9m pode ser reservado em uma sala. Ou seja, teremos algumas salas especiais j\u00e1 contando com isso. Porque pode acontecer de a pessoa se inscrever bem agora em outubro, mas ter sintomas justamente na data do concurso.<\/p>\n\n\n\n<p>&nbsp;\u201cResid\u00eancia \u00e9 treinamento em servi\u00e7o\u201d, diz Gerente de Ensino e Pesquisa do HUAP<\/p>\n\n\n\n<p>Os Programas de Resid\u00eancia M\u00e9dica das institui\u00e7\u00f5es de sa\u00fade s\u00e3o acompanhados pela Comiss\u00e3o Nacional de Resid\u00eancia M\u00e9dica (CNRM), criada pelo Minist\u00e9rio da Educa\u00e7\u00e3o. Segundo o \u00f3rg\u00e3o, \u201ca resid\u00eancia m\u00e9dica \u00e9 uma modalidade de ensino de p\u00f3s-gradua\u00e7\u00e3o destinada a m\u00e9dicos, sob a forma de curso de especializa\u00e7\u00e3o\u201d, sendo chamada de \u201cpadr\u00e3o ouro\u201d da forma\u00e7\u00e3o em medicina. Segundo o Gerente de Ensino e Pesquisa do HUAP, Rubens Antunes Filho, os programas s\u00e3o importantes principalmente porque s\u00e3o m\u00e9dicos que fazem a forma\u00e7\u00e3o e atuam na assist\u00eancia.<\/p>\n\n\n\n<p>&#8220;O hospital est\u00e1 sempre melhorando com rela\u00e7\u00e3o \u00e0 forma\u00e7\u00e3o e \u00e0 capacidade de formar bons profissionais. \u00c9 no servi\u00e7o que o residente atua. Ent\u00e3o, isso obriga o hospital a melhorar os seus servi\u00e7os, os seus equipamentos e o seu funcionamento. Com isso, voc\u00ea tem a possibilidade de formar uma m\u00e3o de obra qualificada para atuar no dia a dia como especialista. \u00c9 fundamental na forma\u00e7\u00e3o de bons profissionais para atuarem no SUS ou at\u00e9 mesmo na rede privada. Ainda que estes residentes sejam preceptorados por m\u00e9dicos do hospital, eles tamb\u00e9m s\u00e3o m\u00e9dicos atuantes. A resid\u00eancia \u00e9 treinamento em servi\u00e7o &#8220;, complementa.<\/p>\n\n\n\n<p>A CNRM \u00e9 quem define a data de in\u00edcio de programa, que \u00e9 padronizada para o dia 1\u00ba de mar\u00e7o de todo ano. Al\u00e9m disso, a comiss\u00e3o dita quais ser\u00e3o as vagas, a partir do que foi pedido por cada unidade de sa\u00fade. A vaga depende da condi\u00e7\u00e3o de oferta de forma\u00e7\u00e3o, n\u00e3o da necessidade de servi\u00e7o interno. Para este ano, por exemplo, uma mudan\u00e7a no concurso \u00e9 o aumento no tempo de resid\u00eancia de ecocardiografia, que foi de um para dois anos de programa. De acordo com Wolney, isso ocorreu pelo crescimento da \u00e1rea e pelo surgimento de novas t\u00e9cnicas.<\/p>\n\n\n\n<p>O professor lembra que ser\u00e1 necess\u00e1rio observar quais normas da vigil\u00e2ncia epidemiol\u00f3gica estar\u00e3o em vig\u00eancia no momento da realiza\u00e7\u00e3o da prova, j\u00e1 que estas v\u00e3o mudando de acordo com o status da pandemia. \u201cAinda n\u00e3o sabemos como estar\u00e1 na \u00e9poca do concurso. Uma semana antes da prova, vamos soltar um comunicado com algumas instru\u00e7\u00f5es na p\u00e1gina da COSEAC, que ser\u00e3o as vigentes em janeiro\u201d, finaliza. Para se inscrever no processo seletivo, acesse o link (at\u00e9 o dia 27 de outubro): http:\/\/www.coseac.uff.br\/concursos\/coreme\/2021\/.<\/p>\n","protected":false},"excerpt":{"rendered":"<p>Est\u00e3o abertas, at\u00e9 o dia 27 de outubro, as inscri\u00e7\u00f5es para a Resid\u00eancia M\u00e9dica 2021 do Hospital Universit\u00e1rio Ant\u00f4nio Pedro<\/p>\n","protected":false},"author":1,"featured_media":15687,"comment_status":"open","ping_status":"open","sticky":false,"template":"","format":"standard","meta":{"colormag_page_container_layout":"default_layout","colormag_page_sidebar_layout":"default_layout","footnotes":""},"categories":[18],"tags":[],"class_list":["post-15686","post","type-post","status-publish","format-standard","has-post-thumbnail","hentry","category-entretenimento"],"amp_enabled":true,"_links":{"self":[{"href":"https:\/\/maricatotal.com.br\/site\/wp-json\/wp\/v2\/posts\/15686","targetHints":{"allow":["GET"]}}],"collection":[{"href":"https:\/\/maricatotal.com.br\/site\/wp-json\/wp\/v2\/posts"}],"about":[{"href":"https:\/\/maricatotal.com.br\/site\/wp-json\/wp\/v2\/types\/post"}],"author":[{"embeddable":true,"href":"https:\/\/maricatotal.com.br\/site\/wp-json\/wp\/v2\/users\/1"}],"replies":[{"embeddable":true,"href":"https:\/\/maricatotal.com.br\/site\/wp-json\/wp\/v2\/comments?post=15686"}],"version-history":[{"count":1,"href":"https:\/\/maricatotal.com.br\/site\/wp-json\/wp\/v2\/posts\/15686\/revisions"}],"predecessor-version":[{"id":15688,"href":"https:\/\/maricatotal.com.br\/site\/wp-json\/wp\/v2\/posts\/15686\/revisions\/15688"}],"wp:featuredmedia":[{"embeddable":true,"href":"https:\/\/maricatotal.com.br\/site\/wp-json\/wp\/v2\/media\/15687"}],"wp:attachment":[{"href":"https:\/\/maricatotal.com.br\/site\/wp-json\/wp\/v2\/media?parent=15686"}],"wp:term":[{"taxonomy":"category","embeddable":true,"href":"https:\/\/maricatotal.com.br\/site\/wp-json\/wp\/v2\/categories?post=15686"},{"taxonomy":"post_tag","embeddable":true,"href":"https:\/\/maricatotal.com.br\/site\/wp-json\/wp\/v2\/tags?post=15686"}],"curies":[{"name":"wp","href":"https:\/\/api.w.org\/{rel}","templated":true}]}}