{"id":15761,"date":"2020-10-19T13:35:27","date_gmt":"2020-10-19T16:35:27","guid":{"rendered":"https:\/\/maricatotal.com.br\/site\/?p=15761"},"modified":"2020-10-19T13:35:29","modified_gmt":"2020-10-19T16:35:29","slug":"denuncia-rua-da-mumbuca-esta-a-mais-de-1-mes-sem-varricao","status":"publish","type":"post","link":"https:\/\/maricatotal.com.br\/site\/2020\/10\/19\/denuncia-rua-da-mumbuca-esta-a-mais-de-1-mes-sem-varricao\/","title":{"rendered":"Den\u00fancia: Rua da Mumbuca est\u00e1 a mais de 1 m\u00eas sem varri\u00e7\u00e3o"},"content":{"rendered":"\n<p>Sem varri\u00e7\u00e3o a mais de um m\u00eas, moradores do bairro da Mumbuca denunciam o descaso.<\/p>\n\n\n\n<p>Segundo um popular, a Rua Letel Barrocha Farias, que fica pr\u00f3ximo \u00e0 Escola Municipal Joaquim Eug\u00eanico, est\u00e1 totalmente abandonada, com lixos por toda parte.<\/p>\n\n\n\n<p>A via do col\u00e9gio segue recebendo a varri\u00e7\u00e3o, o que n\u00e3o acontece nas demais ruas. <\/p>\n\n\n\n<p>Al\u00e9m disso, a coleta de lixo segue atrasada devido a greve dos coletores. <\/p>\n\n\n\n<p>Moradores pedem para a Prefeitura de Maric\u00e1 enviar equipes para acabar com o problema. <\/p>\n","protected":false},"excerpt":{"rendered":"<p>Sem varri\u00e7\u00e3o a mais de um m\u00eas, moradores do bairro da Mumbuca denunciam o descaso. Segundo um popular, a Rua<\/p>\n","protected":false},"author":1,"featured_media":15762,"comment_status":"open","ping_status":"open","sticky":false,"template":"","format":"standard","meta":{"colormag_page_container_layout":"default_layout","colormag_page_sidebar_layout":"default_layout","footnotes":""},"categories":[14],"tags":[],"class_list":["post-15761","post","type-post","status-publish","format-standard","has-post-thumbnail","hentry","category-bairros"],"amp_enabled":true,"_links":{"self":[{"href":"https:\/\/maricatotal.com.br\/site\/wp-json\/wp\/v2\/posts\/15761","targetHints":{"allow":["GET"]}}],"collection":[{"href":"https:\/\/maricatotal.com.br\/site\/wp-json\/wp\/v2\/posts"}],"about":[{"href":"https:\/\/maricatotal.com.br\/site\/wp-json\/wp\/v2\/types\/post"}],"author":[{"embeddable":true,"href":"https:\/\/maricatotal.com.br\/site\/wp-json\/wp\/v2\/users\/1"}],"replies":[{"embeddable":true,"href":"https:\/\/maricatotal.com.br\/site\/wp-json\/wp\/v2\/comments?post=15761"}],"version-history":[{"count":1,"href":"https:\/\/maricatotal.com.br\/site\/wp-json\/wp\/v2\/posts\/15761\/revisions"}],"predecessor-version":[{"id":15763,"href":"https:\/\/maricatotal.com.br\/site\/wp-json\/wp\/v2\/posts\/15761\/revisions\/15763"}],"wp:featuredmedia":[{"embeddable":true,"href":"https:\/\/maricatotal.com.br\/site\/wp-json\/wp\/v2\/media\/15762"}],"wp:attachment":[{"href":"https:\/\/maricatotal.com.br\/site\/wp-json\/wp\/v2\/media?parent=15761"}],"wp:term":[{"taxonomy":"category","embeddable":true,"href":"https:\/\/maricatotal.com.br\/site\/wp-json\/wp\/v2\/categories?post=15761"},{"taxonomy":"post_tag","embeddable":true,"href":"https:\/\/maricatotal.com.br\/site\/wp-json\/wp\/v2\/tags?post=15761"}],"curies":[{"name":"wp","href":"https:\/\/api.w.org\/{rel}","templated":true}]}}