{"id":15794,"date":"2020-10-20T08:16:28","date_gmt":"2020-10-20T11:16:28","guid":{"rendered":"https:\/\/maricatotal.com.br\/site\/?p=15794"},"modified":"2020-10-20T08:16:29","modified_gmt":"2020-10-20T11:16:29","slug":"niteroi-autoriza-reabertura-de-cinemas-a-partir-do-dia-29","status":"publish","type":"post","link":"https:\/\/maricatotal.com.br\/site\/2020\/10\/20\/niteroi-autoriza-reabertura-de-cinemas-a-partir-do-dia-29\/","title":{"rendered":"Niter\u00f3i autoriza reabertura de cinemas a partir do dia 29"},"content":{"rendered":"\n<p>A Prefeitura de Niter\u00f3i vai autorizar a reabertura de cinemas e atividades do setor audiovisual a partir do dia 29. Os estabelecimentos dever\u00e3o cumprir um protocolo de combate \u00e0 Covid-19 definido pelas autoridades sanit\u00e1rias e os funcion\u00e1rios devem participar de treinamentos sobre as novas regras.<\/p>\n\n\n\n<p>&#8220;Como resultado do esfor\u00e7o coletivo da sociedade e da Prefeitura no combate ao coronav\u00edrus, estamos com a pandemia sob controle na cidade e ser\u00e1 poss\u00edvel retomar essa atividade econ\u00f4mica. O setor audiovisual j\u00e1 est\u00e1 aberto na maioria das cidades da Regi\u00e3o Metropolitana do Rio, mas em Niter\u00f3i continuava fechado h\u00e1 oito meses&#8221;, explicou o prefeito Rodrigo Neves em pronunciamento nas redes sociais da Prefeitura, nesta segunda (19). &#8220;A partir do dia 29 de outubro o setor audiovisual vai retomar suas atividades com muita responsabilidade, seguindo um conjunto de protocolos rigorosos definidos pelas autoridades sanit\u00e1rias&#8221;.<\/p>\n\n\n\n<p>Niter\u00f3i tem 13.242 pacientes recuperados da Covid-19. Ao todo, a cidade registra 13.925 casos confirmados da doen\u00e7a e 136 pessoas em isolamento domiciliar sendo acompanhados pela Secretaria. O munic\u00edpio registra 457 \u00f3bitos.<\/p>\n\n\n\n<p>&#8220;Nossos agentes p\u00fablicos v\u00e3o continuar orientando e fiscalizando, mas \u00e9 fundamental que cada um fa\u00e7a a sua parte. Refor\u00e7amos a orienta\u00e7\u00e3o de que os estabelecimentos perseverem nos protocolos estabelecidos pelas autoridades sanit\u00e1rias. N\u00f3s s\u00f3 estamos mantendo a pandemia sob controle porque a grande maioria dos cidad\u00e3os niteroienses e dos estabelecimentos est\u00e3o fazendo a sua parte&#8221;, destacou o prefeito.<\/p>\n\n\n\n<p>Rodrigo Neves lembrou que no dia 18 foi comemorado o dia do m\u00e9dico e agradeceu a todos os profissionais de sa\u00fade, em especial os m\u00e9dicos e agentes comunit\u00e1rios de sa\u00fade de Niter\u00f3i, pela dedica\u00e7\u00e3o na luta contra o novo coronav\u00edrus.<\/p>\n\n\n\n<p><strong>Educa\u00e7\u00e3o&nbsp;\u2013&nbsp;<\/strong>O prefeito Rodrigo Neves revelou tamb\u00e9m que, de acordo com o Termo de Acordo Judicial firmado com o Minist\u00e9rio P\u00fablico e a Defensoria P\u00fablica do Estado do Rio de Janeiro, as escolas particulares de Niter\u00f3i que assinaram o termo de ades\u00e3o aos protocolos sanit\u00e1rios e de distanciamento social poder\u00e3o retomar as aulas do segundo ano do Ensino M\u00e9dio. Caso os indicadores da pandemia do novo coronav\u00edrus se mantenham est\u00e1veis por 15 dias, ser\u00e1 permitido o retorno das atividades do primeiro ano do Ensino M\u00e9dio.<\/p>\n\n\n\n<p><strong>Reabertura de pra\u00e7as&nbsp;&#8211;&nbsp;<\/strong>A partir do pr\u00f3ximo dia 22, ser\u00e3o reabertas 17 grandes pra\u00e7as de Niter\u00f3i, com exce\u00e7\u00e3o para as quadras poliesportivas, que dever\u00e3o permanecer fechadas. Brinquedos e aparelhos de gin\u00e1stica ser\u00e3o liberados. O hor\u00e1rio de funcionamento ser\u00e1 das 9 horas \u00e0s 18 horas, diariamente. Haver\u00e1 controle de temperatura e lota\u00e7\u00e3o feito pelas Administra\u00e7\u00f5es Regionais de cada \u00e1rea. Estes espa\u00e7os p\u00fablicos est\u00e3o fechados para visita\u00e7\u00e3o desde mar\u00e7o, como forma de combate ao avan\u00e7o do coronav\u00edrus na cidade. Os brinquedos e aparelhos de gin\u00e1sticas das pra\u00e7as sem grades, que ficaram isolados durante a pandemia, estar\u00e3o liberados tamb\u00e9m a partir do dia 22.<\/p>\n\n\n\n<p>A rela\u00e7\u00e3o das pra\u00e7as da cidade que ser\u00e3o reabertas \u00e9 a seguinte: Pra\u00e7a Dr. Vitorino, Ponta D&#8217;Areia; Pra\u00e7a do Rink, Centro; Pra\u00e7a S\u00e3o Jo\u00e3o, Centro; Pra\u00e7a Nilo Pe\u00e7anha, Boa Viagem; Pra\u00e7a do Get\u00falio Vargas, Icara\u00ed; Pra\u00e7a do Vital Brasil, Vital Brazil; Pra\u00e7a do Raul de Oliveira Rodrigues, Santa Rosa; Pra\u00e7a Carlos Magaldi, Fonseca; Pra\u00e7a do Bumba, Vi\u00e7oso Jardim; Pra\u00e7a Nereu Guerra, Barreto; Pra\u00e7a En\u00e9as de Castro, Barreto; Pra\u00e7a da Rua A, Barreto; Pra\u00e7a Dom Orione, S\u00e3o Francisco; Pra\u00e7a Levi Francisco da Cruz Nunes, Largo da Batalha; Pra\u00e7a Odir Sereno, Largo da Batalha; Pra\u00e7a do Descobrimento, Itaipu; Pra\u00e7a Jo\u00e3o Saldanha, Santa B\u00e1rbara.<\/p>\n\n\n\n<p><strong>Novo hor\u00e1rio&nbsp;\u2013&nbsp;<\/strong>J\u00e1 a partir do dia 22, o hor\u00e1rio dos principais parques da cidade que j\u00e1 foram reabertos sofrer\u00e1 altera\u00e7\u00e3o. O novo hor\u00e1rio de funcionamento ser\u00e1 das 7h \u00e0s 18 horas. A medida vale para o Parque da Cidade, Campo de S\u00e3o Bento, Horto do Barreto e Horto do Fonseca. O Horto de Itaipu, que ser\u00e1 reaberto no dia 22, tamb\u00e9m seguir\u00e1 este novo hor\u00e1rio.&nbsp;&nbsp;<\/p>\n","protected":false},"excerpt":{"rendered":"<p>A Prefeitura de Niter\u00f3i vai autorizar a reabertura de cinemas e atividades do setor audiovisual a partir do dia 29.<\/p>\n","protected":false},"author":1,"featured_media":15795,"comment_status":"open","ping_status":"open","sticky":false,"template":"","format":"standard","meta":{"colormag_page_container_layout":"default_layout","colormag_page_sidebar_layout":"default_layout","footnotes":""},"categories":[18],"tags":[],"class_list":["post-15794","post","type-post","status-publish","format-standard","has-post-thumbnail","hentry","category-entretenimento"],"amp_enabled":true,"_links":{"self":[{"href":"https:\/\/maricatotal.com.br\/site\/wp-json\/wp\/v2\/posts\/15794","targetHints":{"allow":["GET"]}}],"collection":[{"href":"https:\/\/maricatotal.com.br\/site\/wp-json\/wp\/v2\/posts"}],"about":[{"href":"https:\/\/maricatotal.com.br\/site\/wp-json\/wp\/v2\/types\/post"}],"author":[{"embeddable":true,"href":"https:\/\/maricatotal.com.br\/site\/wp-json\/wp\/v2\/users\/1"}],"replies":[{"embeddable":true,"href":"https:\/\/maricatotal.com.br\/site\/wp-json\/wp\/v2\/comments?post=15794"}],"version-history":[{"count":1,"href":"https:\/\/maricatotal.com.br\/site\/wp-json\/wp\/v2\/posts\/15794\/revisions"}],"predecessor-version":[{"id":15796,"href":"https:\/\/maricatotal.com.br\/site\/wp-json\/wp\/v2\/posts\/15794\/revisions\/15796"}],"wp:featuredmedia":[{"embeddable":true,"href":"https:\/\/maricatotal.com.br\/site\/wp-json\/wp\/v2\/media\/15795"}],"wp:attachment":[{"href":"https:\/\/maricatotal.com.br\/site\/wp-json\/wp\/v2\/media?parent=15794"}],"wp:term":[{"taxonomy":"category","embeddable":true,"href":"https:\/\/maricatotal.com.br\/site\/wp-json\/wp\/v2\/categories?post=15794"},{"taxonomy":"post_tag","embeddable":true,"href":"https:\/\/maricatotal.com.br\/site\/wp-json\/wp\/v2\/tags?post=15794"}],"curies":[{"name":"wp","href":"https:\/\/api.w.org\/{rel}","templated":true}]}}