{"id":15903,"date":"2020-10-21T15:44:33","date_gmt":"2020-10-21T18:44:33","guid":{"rendered":"https:\/\/maricatotal.com.br\/site\/?p=15903"},"modified":"2020-10-21T15:44:36","modified_gmt":"2020-10-21T18:44:36","slug":"loja-do-flamengo-sera-inaugurada-no-centro-de-marica-no-proximo-dia-28","status":"publish","type":"post","link":"https:\/\/maricatotal.com.br\/site\/2020\/10\/21\/loja-do-flamengo-sera-inaugurada-no-centro-de-marica-no-proximo-dia-28\/","title":{"rendered":"Loja do Flamengo ser\u00e1 inaugurada no Centro de Maric\u00e1 no pr\u00f3ximo dia 28"},"content":{"rendered":"\n<p>A Loja oficial do Flamengo ser\u00e1 inaugurada no Centro de Maric\u00e1 no pr\u00f3ximo dia 28 de outubro.<\/p>\n\n\n\n<p>A loja fica localizada na Avenida Francisco Sabino da Costa, pr\u00f3ximo a loja MIB e da Pra\u00e7a de alimenta\u00e7\u00e3o. No local ser\u00e1 vendido itens oficiais do Flamengo como camisas, canecas, chaveiros e outras coisas. <\/p>\n\n\n\n<p>A loja do Flamengo em Maric\u00e1 ser\u00e1 a cent\u00e9sima loja oficial do clube no Estado e ser\u00e1 inaugurada no dia do flamenguista.<\/p>\n","protected":false},"excerpt":{"rendered":"<p>A Loja oficial do Flamengo ser\u00e1 inaugurada no Centro de Maric\u00e1 no pr\u00f3ximo dia 28 de outubro. A loja fica<\/p>\n","protected":false},"author":1,"featured_media":15905,"comment_status":"open","ping_status":"open","sticky":false,"template":"","format":"standard","meta":{"colormag_page_container_layout":"default_layout","colormag_page_sidebar_layout":"default_layout","footnotes":""},"categories":[14],"tags":[],"class_list":["post-15903","post","type-post","status-publish","format-standard","has-post-thumbnail","hentry","category-bairros"],"amp_enabled":true,"_links":{"self":[{"href":"https:\/\/maricatotal.com.br\/site\/wp-json\/wp\/v2\/posts\/15903","targetHints":{"allow":["GET"]}}],"collection":[{"href":"https:\/\/maricatotal.com.br\/site\/wp-json\/wp\/v2\/posts"}],"about":[{"href":"https:\/\/maricatotal.com.br\/site\/wp-json\/wp\/v2\/types\/post"}],"author":[{"embeddable":true,"href":"https:\/\/maricatotal.com.br\/site\/wp-json\/wp\/v2\/users\/1"}],"replies":[{"embeddable":true,"href":"https:\/\/maricatotal.com.br\/site\/wp-json\/wp\/v2\/comments?post=15903"}],"version-history":[{"count":1,"href":"https:\/\/maricatotal.com.br\/site\/wp-json\/wp\/v2\/posts\/15903\/revisions"}],"predecessor-version":[{"id":15904,"href":"https:\/\/maricatotal.com.br\/site\/wp-json\/wp\/v2\/posts\/15903\/revisions\/15904"}],"wp:featuredmedia":[{"embeddable":true,"href":"https:\/\/maricatotal.com.br\/site\/wp-json\/wp\/v2\/media\/15905"}],"wp:attachment":[{"href":"https:\/\/maricatotal.com.br\/site\/wp-json\/wp\/v2\/media?parent=15903"}],"wp:term":[{"taxonomy":"category","embeddable":true,"href":"https:\/\/maricatotal.com.br\/site\/wp-json\/wp\/v2\/categories?post=15903"},{"taxonomy":"post_tag","embeddable":true,"href":"https:\/\/maricatotal.com.br\/site\/wp-json\/wp\/v2\/tags?post=15903"}],"curies":[{"name":"wp","href":"https:\/\/api.w.org\/{rel}","templated":true}]}}