{"id":16063,"date":"2020-10-27T07:48:52","date_gmt":"2020-10-27T10:48:52","guid":{"rendered":"https:\/\/maricatotal.com.br\/site\/?p=16063"},"modified":"2020-10-27T07:48:53","modified_gmt":"2020-10-27T10:48:53","slug":"vereadores-aprovam-projetos-de-lei-relativos-a-saude","status":"publish","type":"post","link":"https:\/\/maricatotal.com.br\/site\/2020\/10\/27\/vereadores-aprovam-projetos-de-lei-relativos-a-saude\/","title":{"rendered":"Vereadores aprovam projetos de lei relativos \u00e0 sa\u00fade"},"content":{"rendered":"\n<p>Durante sess\u00e3o ordin\u00e1ria desta segunda-feira (26), foram votados tr\u00eas importantes projetos de lei relativos \u00e0 sa\u00fade. O primeiro \u00e9 de autoria do vereador Aldair de Linda que prop\u00f5e a Cria\u00e7\u00e3o do Programa Municipal de Pr\u00e1ticas Integrativas e Complementares em Sa\u00fade (PMPICS). O PL de n\u00ba 067\/2020 tem como objetivo promover a implanta\u00e7\u00e3o de pol\u00edticas e diretrizes para as \u00e1reas de homeopatia, medicina tradicional chinesa\/acupuntura, medita\u00e7\u00e3o, yoga, reiki, entre outras.<\/p>\n\n\n\n<p>Tamb\u00e9m foi votado, em segundo turno, o Projeto de Lei n\u00ba 17\/2019, de autoria do vereador Felipe Auni que institui o Dia Mundial do Autismo. O terceiro projeto de lei de n\u00ba 086\/2019 \u00e9 de autoria dos vereadores Felipe Auni e Marcinho da Constru\u00e7\u00e3o, e cria a Semana de Informa\u00e7\u00e3o, Preven\u00e7\u00e3o e Combate \u00e0 Depress\u00e3o.<\/p>\n\n\n\n<p><strong>Vota\u00e7\u00f5es do Dia &#8211;<\/strong>&nbsp;Foi votado, em segundo turno, o Projeto de Lei Complementar n\u00ba 07\/2020 que inclui o \u00a73\u00ba ao art. 9\u00ba, da Lei Complementar n\u00ba 240, que disp\u00f5e sobre o ISSQN. Para ter acesso \u00e0 letra da lei na \u00edntegra, clique no link: https:\/\/marica.rj.leg.br\/noticia\/vereadores-votam-alteracao-da-lei-que-dispoe-sobre-o-issqn<\/p>\n\n\n\n<p>Foi votado, em segundo turno, o Projeto de Lei n\u00ba 23\/2019 de autoria do vereador Ricardinho Netuno que institui a pol\u00edtica de bem estar animal por meio do controle populacional de c\u00e3es e gatos, o est\u00edmulo \u00e0 posse respons\u00e1vel, o incentivo \u00e0 ado\u00e7\u00e3o de animais, a proibi\u00e7\u00e3o \u00e0 pr\u00e1tica de maus-tratos a c\u00e3es, gatos e equ\u00eddeos. Tamb\u00e9m foi votado projeto do mesmo vereador que disp\u00f5e sobre a obrigatoriedade da poda de galhos e ramos de \u00e1rvores que invadirem terrenos de vizinhos no munic\u00edpio.<\/p>\n\n\n\n<p>Os vereadores tamb\u00e9m votaram Projeto de Lei n\u00ba 55\/2020 de autoria do vereador Felipe Bittencourt que Institui a Semana Municipal de Incentivo ao Esporte para pessoas com defici\u00eancias a ser comemorada anualmente entre os dias 21 e 27 de setembro.<\/p>\n\n\n\n<p>Tamb\u00e9m foram votados dois projetos do vereador Marcinho da Constru\u00e7\u00e3o para a nomea\u00e7\u00e3o de vias. O primeiro PL disp\u00f5e sobre a denomina\u00e7\u00e3o da Rua Carlos Alberto de Mello Reis, a atual Rua B, no Loteamento Praia das Amendoeiras, em S\u00e3o Jos\u00e9 do Imbassa\u00ed; e tamb\u00e9m denomina como Rua Odilla de Almeida Reis, a atual Rua G, no mesmo loteamento e bairro. &nbsp;Os vereadores tamb\u00e9m votaram o PL n\u00ba 40\/2020 de autoria do vereador Filipe Bittencourt que disp\u00f5e sobre a denomina\u00e7\u00e3o de pra\u00e7a p\u00fablica de Itaipua\u00e7u, situada na esquina da Avenida Carlos Marighella com a Rua S\u00e3o Martinho como Pra\u00e7a Zarife Bessa Lameira.<\/p>\n\n\n\n<p>Foi votada mo\u00e7\u00e3o de aplausos e congratula\u00e7\u00f5es de autoria do vereador Fabr\u00edcio Bittencourt a Alberto Annibal Barranco. Tamb\u00e9m foi votada mo\u00e7\u00e3o do vereador Filipe Bittencourt a S\u00f4nia Regina da Silva Oliveira.<\/p>\n","protected":false},"excerpt":{"rendered":"<p>Durante sess\u00e3o ordin\u00e1ria desta segunda-feira (26), foram votados tr\u00eas importantes projetos de lei relativos \u00e0 sa\u00fade. O primeiro \u00e9 de<\/p>\n","protected":false},"author":1,"featured_media":16064,"comment_status":"open","ping_status":"open","sticky":false,"template":"","format":"standard","meta":{"colormag_page_container_layout":"default_layout","colormag_page_sidebar_layout":"default_layout","footnotes":""},"categories":[17],"tags":[],"class_list":["post-16063","post","type-post","status-publish","format-standard","has-post-thumbnail","hentry","category-politica"],"amp_enabled":true,"_links":{"self":[{"href":"https:\/\/maricatotal.com.br\/site\/wp-json\/wp\/v2\/posts\/16063","targetHints":{"allow":["GET"]}}],"collection":[{"href":"https:\/\/maricatotal.com.br\/site\/wp-json\/wp\/v2\/posts"}],"about":[{"href":"https:\/\/maricatotal.com.br\/site\/wp-json\/wp\/v2\/types\/post"}],"author":[{"embeddable":true,"href":"https:\/\/maricatotal.com.br\/site\/wp-json\/wp\/v2\/users\/1"}],"replies":[{"embeddable":true,"href":"https:\/\/maricatotal.com.br\/site\/wp-json\/wp\/v2\/comments?post=16063"}],"version-history":[{"count":1,"href":"https:\/\/maricatotal.com.br\/site\/wp-json\/wp\/v2\/posts\/16063\/revisions"}],"predecessor-version":[{"id":16065,"href":"https:\/\/maricatotal.com.br\/site\/wp-json\/wp\/v2\/posts\/16063\/revisions\/16065"}],"wp:featuredmedia":[{"embeddable":true,"href":"https:\/\/maricatotal.com.br\/site\/wp-json\/wp\/v2\/media\/16064"}],"wp:attachment":[{"href":"https:\/\/maricatotal.com.br\/site\/wp-json\/wp\/v2\/media?parent=16063"}],"wp:term":[{"taxonomy":"category","embeddable":true,"href":"https:\/\/maricatotal.com.br\/site\/wp-json\/wp\/v2\/categories?post=16063"},{"taxonomy":"post_tag","embeddable":true,"href":"https:\/\/maricatotal.com.br\/site\/wp-json\/wp\/v2\/tags?post=16063"}],"curies":[{"name":"wp","href":"https:\/\/api.w.org\/{rel}","templated":true}]}}