{"id":16587,"date":"2020-11-12T13:11:06","date_gmt":"2020-11-12T16:11:06","guid":{"rendered":"https:\/\/maricatotal.com.br\/site\/?p=16587"},"modified":"2020-11-12T13:11:12","modified_gmt":"2020-11-12T16:11:12","slug":"beneficiarios-nascidos-em-julho-recebem-hoje-auxilio-emergencial","status":"publish","type":"post","link":"https:\/\/maricatotal.com.br\/site\/2020\/11\/12\/beneficiarios-nascidos-em-julho-recebem-hoje-auxilio-emergencial\/","title":{"rendered":"Benefici\u00e1rios nascidos em julho recebem hoje aux\u00edlio emergencial"},"content":{"rendered":"\n<p>O cr\u00e9dito do aux\u00edlio emergencial foi liberado hoje (12) para 3,6 milh\u00f5es de brasileiros nascidos em julho. O pagamento chegou a R$ 1,4 bilh\u00e3o e faz parte do ciclo 4.<img decoding=\"async\" src=\"https:\/\/agenciabrasil.ebc.com.br\/ebc.png?id=1393006&amp;o=node\"><img decoding=\"async\" src=\"https:\/\/agenciabrasil.ebc.com.br\/ebc.gif?id=1393006&amp;o=node\"><\/p>\n\n\n\n<p>Desse total, 662,6 mil receber\u00e3o R$ 434,9 milh\u00f5es referentes \u00e0s parcelas do aux\u00edlio emergencial. Os demais, 2,9 milh\u00f5es, ser\u00e3o contemplados com a segunda parcela do aux\u00edlio emergencial residual, em um montante de R$ 956,4 milh\u00f5es.<\/p>\n\n\n\n<p>Os valores podem ser movimentados pelo aplicativo Caixa Tem para pagamento de boletos, compras na internet e pelas maquininhas em mais de 1 milh\u00e3o de estabelecimentos comerciais.<\/p>\n\n\n\n<p>O benef\u00edcio criado em abril pelo Governo Federal foi estendido at\u00e9 31 de dezembro por meio da Medida Provis\u00f3ria (MP) n\u00ba 1000. O Aux\u00edlio Emergencial Extens\u00e3o ser\u00e1 pago em at\u00e9 quatro parcelas de R$ 300 cada e, no caso das m\u00e3es chefes de fam\u00edlia monoparental, o valor \u00e9 de R$ 600.<\/p>\n\n\n\n<p>Segundo a Caixa, n\u00e3o h\u00e1 necessidade de novo requerimento para receber a extens\u00e3o do aux\u00edlio. Somente aqueles que j\u00e1 foram beneficiados e, a partir de agora, se enquadram nos novos requisitos estabelecidos na MP, ter\u00e3o direito a continuar recebendo o benef\u00edcio.<\/p>\n\n\n\n<p>Saques e transfer\u00eancias para quem recebe o cr\u00e9dito nesta quinta-feira ser\u00e3o liberados a partir do dia 26 de novembro.<\/p>\n","protected":false},"excerpt":{"rendered":"<p>O cr\u00e9dito do aux\u00edlio emergencial foi liberado hoje (12) para 3,6 milh\u00f5es de brasileiros nascidos em julho. O pagamento chegou<\/p>\n","protected":false},"author":1,"featured_media":16421,"comment_status":"open","ping_status":"open","sticky":false,"template":"","format":"standard","meta":{"colormag_page_container_layout":"default_layout","colormag_page_sidebar_layout":"default_layout","footnotes":""},"categories":[17],"tags":[],"class_list":["post-16587","post","type-post","status-publish","format-standard","has-post-thumbnail","hentry","category-politica"],"amp_enabled":true,"_links":{"self":[{"href":"https:\/\/maricatotal.com.br\/site\/wp-json\/wp\/v2\/posts\/16587","targetHints":{"allow":["GET"]}}],"collection":[{"href":"https:\/\/maricatotal.com.br\/site\/wp-json\/wp\/v2\/posts"}],"about":[{"href":"https:\/\/maricatotal.com.br\/site\/wp-json\/wp\/v2\/types\/post"}],"author":[{"embeddable":true,"href":"https:\/\/maricatotal.com.br\/site\/wp-json\/wp\/v2\/users\/1"}],"replies":[{"embeddable":true,"href":"https:\/\/maricatotal.com.br\/site\/wp-json\/wp\/v2\/comments?post=16587"}],"version-history":[{"count":1,"href":"https:\/\/maricatotal.com.br\/site\/wp-json\/wp\/v2\/posts\/16587\/revisions"}],"predecessor-version":[{"id":16588,"href":"https:\/\/maricatotal.com.br\/site\/wp-json\/wp\/v2\/posts\/16587\/revisions\/16588"}],"wp:featuredmedia":[{"embeddable":true,"href":"https:\/\/maricatotal.com.br\/site\/wp-json\/wp\/v2\/media\/16421"}],"wp:attachment":[{"href":"https:\/\/maricatotal.com.br\/site\/wp-json\/wp\/v2\/media?parent=16587"}],"wp:term":[{"taxonomy":"category","embeddable":true,"href":"https:\/\/maricatotal.com.br\/site\/wp-json\/wp\/v2\/categories?post=16587"},{"taxonomy":"post_tag","embeddable":true,"href":"https:\/\/maricatotal.com.br\/site\/wp-json\/wp\/v2\/tags?post=16587"}],"curies":[{"name":"wp","href":"https:\/\/api.w.org\/{rel}","templated":true}]}}