{"id":16732,"date":"2020-11-17T07:24:10","date_gmt":"2020-11-17T10:24:10","guid":{"rendered":"https:\/\/maricatotal.com.br\/site\/?p=16732"},"modified":"2020-11-28T19:33:27","modified_gmt":"2020-11-28T22:33:27","slug":"itaipuacu-homem-que-se-envolveu-em-acidente-de-moto-morre-no-hospital","status":"publish","type":"post","link":"https:\/\/maricatotal.com.br\/site\/2020\/11\/17\/itaipuacu-homem-que-se-envolveu-em-acidente-de-moto-morre-no-hospital\/","title":{"rendered":"Itaipua\u00e7u: Homem que se envolveu em acidente de moto morre no hospital"},"content":{"rendered":"\n<p>Joseilton Sobral, de 36 anos, morreu nesta segunda-feira (16), no Hospital Estadual Alberto Torres, em S\u00e3o Gon\u00e7alo, devido a complica\u00e7\u00f5es ap\u00f3s o grave acidente sofrido na \u00faltima sexta-feira no bairro de Itaipua\u00e7u, em Maric\u00e1.<\/p>\n\n\n\n<p>Segundo informa\u00e7\u00f5es, o homem conduzia uma motocicleta Honda Biz 125 quando bateu em um Volkswagen Passat violentamente. Com o impacto da batida, o homem sofreu v\u00e1rios ferimentos pelo corpo e principalmente na cabe\u00e7a.<\/p>\n\n\n\n<p>O Servi\u00e7o de Atendimento M\u00f3vel de Urg\u00eancia (SAMU) e o Corpo de Bombeiros seguiram at\u00e9 o local e prestaram os primeiros socorros para v\u00edtima, que em seguida foi levada para o Hospital Municipal Conde Modesto Leal.<\/p>\n\n\n\n<p>Horas depois, Joseilton seguiu para o Hospital Estadual Alberto Torres, e seguia internado, mas n\u00e3o resistiu aos ferimentos e veio a \u00f3bito.<\/p>\n","protected":false},"excerpt":{"rendered":"<p>Joseilton Sobral, de 36 anos, morreu nesta segunda-feira (16), no Hospital Estadual Alberto Torres, em S\u00e3o Gon\u00e7alo, devido a complica\u00e7\u00f5es<\/p>\n","protected":false},"author":1,"featured_media":16733,"comment_status":"open","ping_status":"open","sticky":false,"template":"","format":"standard","meta":{"colormag_page_container_layout":"default_layout","colormag_page_sidebar_layout":"default_layout","footnotes":""},"categories":[14],"tags":[],"class_list":["post-16732","post","type-post","status-publish","format-standard","has-post-thumbnail","hentry","category-bairros"],"amp_enabled":true,"_links":{"self":[{"href":"https:\/\/maricatotal.com.br\/site\/wp-json\/wp\/v2\/posts\/16732","targetHints":{"allow":["GET"]}}],"collection":[{"href":"https:\/\/maricatotal.com.br\/site\/wp-json\/wp\/v2\/posts"}],"about":[{"href":"https:\/\/maricatotal.com.br\/site\/wp-json\/wp\/v2\/types\/post"}],"author":[{"embeddable":true,"href":"https:\/\/maricatotal.com.br\/site\/wp-json\/wp\/v2\/users\/1"}],"replies":[{"embeddable":true,"href":"https:\/\/maricatotal.com.br\/site\/wp-json\/wp\/v2\/comments?post=16732"}],"version-history":[{"count":1,"href":"https:\/\/maricatotal.com.br\/site\/wp-json\/wp\/v2\/posts\/16732\/revisions"}],"predecessor-version":[{"id":16734,"href":"https:\/\/maricatotal.com.br\/site\/wp-json\/wp\/v2\/posts\/16732\/revisions\/16734"}],"wp:featuredmedia":[{"embeddable":true,"href":"https:\/\/maricatotal.com.br\/site\/wp-json\/wp\/v2\/media\/16733"}],"wp:attachment":[{"href":"https:\/\/maricatotal.com.br\/site\/wp-json\/wp\/v2\/media?parent=16732"}],"wp:term":[{"taxonomy":"category","embeddable":true,"href":"https:\/\/maricatotal.com.br\/site\/wp-json\/wp\/v2\/categories?post=16732"},{"taxonomy":"post_tag","embeddable":true,"href":"https:\/\/maricatotal.com.br\/site\/wp-json\/wp\/v2\/tags?post=16732"}],"curies":[{"name":"wp","href":"https:\/\/api.w.org\/{rel}","templated":true}]}}