{"id":16770,"date":"2020-11-17T20:16:49","date_gmt":"2020-11-17T23:16:49","guid":{"rendered":"https:\/\/maricatotal.com.br\/site\/?p=16770"},"modified":"2020-11-28T19:33:26","modified_gmt":"2020-11-28T22:33:26","slug":"washington-quaqua-diz-que-fabiano-horta-esta-pronto-para-ser-governador-do-rio-de-janeiro","status":"publish","type":"post","link":"https:\/\/maricatotal.com.br\/site\/2020\/11\/17\/washington-quaqua-diz-que-fabiano-horta-esta-pronto-para-ser-governador-do-rio-de-janeiro\/","title":{"rendered":"Washington Quaqu\u00e1 diz que Fabiano Horta est\u00e1 pronto para ser governador do Rio de Janeiro"},"content":{"rendered":"\n<figure class=\"wp-block-image size-large\"><img loading=\"lazy\" decoding=\"async\" width=\"1024\" height=\"555\" src=\"https:\/\/maricatotal.com.br\/site\/wp-content\/uploads\/2020\/11\/AAA-DSC_2318-1024x555-1.jpg\" alt=\"Washington Quaqu\u00e1 (PT), ex-prefeito de Maric\u00e1 e vice-presidente nacional do Partido dos Trabalhadores. Foto: Paulo Celestino\" class=\"wp-image-16767\" srcset=\"https:\/\/maricatotal.com.br\/site\/wp-content\/uploads\/2020\/11\/AAA-DSC_2318-1024x555-1.jpg 1024w, https:\/\/maricatotal.com.br\/site\/wp-content\/uploads\/2020\/11\/AAA-DSC_2318-1024x555-1-300x163.jpg 300w, https:\/\/maricatotal.com.br\/site\/wp-content\/uploads\/2020\/11\/AAA-DSC_2318-1024x555-1-768x416.jpg 768w\" sizes=\"auto, (max-width: 1024px) 100vw, 1024px\" \/><figcaption>Washington Quaqu\u00e1, ex-prefeito de Maric\u00e1 e vice-presidente nacional do Partido dos Trabalhadores. Foto: Paulo Celestino<\/figcaption><\/figure>\n\n\n\n<p>Washington Quaqu\u00e1 (PT), ex-prefeito de Maric\u00e1, afirmou que Fabiano Horta (PT), reeleito com quase 90% dos votos no munic\u00edpio est\u00e1 pronto para ser o novo governador do estado do Rio de Janeiro.<\/p>\n\n\n\n<p>Em entrevista exclusiva jornalista Paulo Celestino, do jornal 24 Horas Rio, o vice-presidente nacional do Partido dos Trabalhadores declarou que a pol\u00edtica maricaense est\u00e1 pronta para ser expandida para as cidades vizinhas e tamb\u00e9m para o estado.<\/p>\n\n\n\n<p>Em suas redes sociais, o pol\u00edtico declarou apoio no segundo turno das elei\u00e7\u00f5es \u00e0 Dimas Gadelha (PT), que disputa a prefeitura de S\u00e3o Gon\u00e7alo com Capit\u00e3o Nelson (Avante), e a Eduardo Paes (Democratas), que disputa com Crivella (Republicanos) no munic\u00edpio do Rio.<\/p>\n\n\n\n<p>Diego Zeidan (PT), vice-prefeito e filho de Quaqu\u00e1, e Hadesh (PT), eleito como vereador com 2.167 votos, foram elogiados quando o assuntou foi a pol\u00edtica jovem na cidade de Maric\u00e1.<\/p>\n\n\n\n<p>Mat\u00e9ria relacionada:<\/p>\n\n\n\n<p><a href=\"https:\/\/24horasrio.com.br\/2020\/11\/17\/quaqua-avalia-resultado-das-eleicoes-e-fala-do-futuro\/?fbclid=IwAR1_R0yV47Z8lbKjJ73b-2bF34zmkTxoS0eg2WxygkpbWX21UTaildRullM\">https:\/\/24horasrio.com.br\/2020\/11\/17\/quaqua-avalia-resultado-das-eleicoes-e-fala-do-futuro\/?fbclid=IwAR1_R0yV47Z8lbKjJ73b-2bF34zmkTxoS0eg2WxygkpbWX21UTaildRullM<\/a><\/p>\n\n\n\n<p><a href=\"https:\/\/www.youtube.com\/watch?v=2b1WvYU3Q-U&amp;feature=emb_title\">https:\/\/www.youtube.com\/watch?v=2b1WvYU3Q-U&amp;feature=emb_title<\/a><\/p>\n","protected":false},"excerpt":{"rendered":"<p>Washington Quaqu\u00e1 (PT), ex-prefeito de Maric\u00e1 e vice-presidente nacional do Partido dos Trabalhadores. Foto: Paulo Celestino<\/p>\n","protected":false},"author":1,"featured_media":0,"comment_status":"open","ping_status":"open","sticky":false,"template":"","format":"standard","meta":{"colormag_page_container_layout":"default_layout","colormag_page_sidebar_layout":"default_layout","footnotes":""},"categories":[17],"tags":[],"class_list":["post-16770","post","type-post","status-publish","format-standard","hentry","category-politica"],"amp_enabled":true,"_links":{"self":[{"href":"https:\/\/maricatotal.com.br\/site\/wp-json\/wp\/v2\/posts\/16770","targetHints":{"allow":["GET"]}}],"collection":[{"href":"https:\/\/maricatotal.com.br\/site\/wp-json\/wp\/v2\/posts"}],"about":[{"href":"https:\/\/maricatotal.com.br\/site\/wp-json\/wp\/v2\/types\/post"}],"author":[{"embeddable":true,"href":"https:\/\/maricatotal.com.br\/site\/wp-json\/wp\/v2\/users\/1"}],"replies":[{"embeddable":true,"href":"https:\/\/maricatotal.com.br\/site\/wp-json\/wp\/v2\/comments?post=16770"}],"version-history":[{"count":3,"href":"https:\/\/maricatotal.com.br\/site\/wp-json\/wp\/v2\/posts\/16770\/revisions"}],"predecessor-version":[{"id":16774,"href":"https:\/\/maricatotal.com.br\/site\/wp-json\/wp\/v2\/posts\/16770\/revisions\/16774"}],"wp:attachment":[{"href":"https:\/\/maricatotal.com.br\/site\/wp-json\/wp\/v2\/media?parent=16770"}],"wp:term":[{"taxonomy":"category","embeddable":true,"href":"https:\/\/maricatotal.com.br\/site\/wp-json\/wp\/v2\/categories?post=16770"},{"taxonomy":"post_tag","embeddable":true,"href":"https:\/\/maricatotal.com.br\/site\/wp-json\/wp\/v2\/tags?post=16770"}],"curies":[{"name":"wp","href":"https:\/\/api.w.org\/{rel}","templated":true}]}}