{"id":16874,"date":"2020-11-19T13:54:13","date_gmt":"2020-11-19T16:54:13","guid":{"rendered":"https:\/\/maricatotal.com.br\/site\/?p=16874"},"modified":"2020-11-28T19:35:28","modified_gmt":"2020-11-28T22:35:28","slug":"hoje-e-o-dia-nacional-de-combate-ao-mosquito-aedes-aegypti","status":"publish","type":"post","link":"https:\/\/maricatotal.com.br\/site\/2020\/11\/19\/hoje-e-o-dia-nacional-de-combate-ao-mosquito-aedes-aegypti\/","title":{"rendered":"Hoje \u00e9 o Dia Nacional de Combate ao Mosquito Aedes Aegypti"},"content":{"rendered":"\n<p>Hoje (19) \u00e9 o Dia Nacional de Combate ao Mosquito Aedes Aegypti, transmissor da dengue, zika e chikungunya, doen\u00e7as que podem gerar outras enfermidades, como microcefalia e Guillain-Barr\u00e9. A data serve de alerta para a popula\u00e7\u00e3o sobre a import\u00e2ncia de&nbsp;eliminar&nbsp;os criadouros deste inseto. No ver\u00e3o, com as chuvas, h\u00e1 alta na prolifera\u00e7\u00e3o do mosquito, que se reproduz em \u00e1gua limpa e parada.<img decoding=\"async\" src=\"https:\/\/agenciabrasil.ebc.com.br\/ebc.png?id=1393967&amp;o=node\"><img decoding=\"async\" src=\"https:\/\/agenciabrasil.ebc.com.br\/ebc.gif?id=1393967&amp;o=node\"><\/p>\n\n\n\n<p>\u00c9 importante fazer uma limpeza e verificar regularmente pontos que podem acumular \u00e1gua. Entre as medidas que podem ser adotadas est\u00e3o esvaziar garrafas e mant\u00ea-las com a boca virada para baixo, limpar calhas, colocar areia nos pratos de vasinhos das plantas, tampar ton\u00e9is, lixeiras e caixas-d&#8217;\u00e1gua e colocar objetos, como pneus e lonas, abrigados da chuva.<\/p>\n\n\n\n<p>Os sintomas das doen\u00e7as transmitidas pelo mosquito&nbsp;<em>Aedes aegypti<\/em>&nbsp;podem ser confundidos com doen\u00e7as mais comuns, como gripes e resfriados. Por isso, \u00e9 importante estar em alerta e, em caso de sintomas, procurar um servi\u00e7o de sa\u00fade para diagn\u00f3stico e tratamento adequados.<\/p>\n\n\n\n<p>De acordo com o\u00a0\u00faltimo boletim epidemiol\u00f3gico\u00a0do Minist\u00e9rio da Sa\u00fade, de janeiro at\u00e9 setembro deste ano, foram notificados 928.282 casos prov\u00e1veis (taxa de incid\u00eancia de 441,7 casos por 100 mil habitantes) de dengue no Brasil. Sobre os dados de chikungunya, foram 69.702 casos prov\u00e1veis (taxa de incid\u00eancia de 33,2 casos por 100 mil habitantes) e, em rela\u00e7\u00e3o aos dados de zika, foram notificados 6.220 casos prov\u00e1veis (taxa de incid\u00eancia 3,0 casos por 100 mil habitantes) no pa\u00eds.<\/p>\n\n\n\n<h2 class=\"wp-block-heading\">Sintomas<\/h2>\n\n\n\n<p>A infec\u00e7\u00e3o por dengue pode ser assintom\u00e1tica, leve ou causar doen\u00e7a grave, levando \u00e0 morte. Normalmente, a primeira manifesta\u00e7\u00e3o da dengue \u00e9 a febre alta (39\u00b0 a 40\u00b0C), de in\u00edcio abrupto, que geralmente dura de dois&nbsp;a sete&nbsp;dias, acompanhada de dor de cabe\u00e7a, dores no corpo e articula\u00e7\u00f5es, prostra\u00e7\u00e3o, fraqueza, dor atr\u00e1s dos olhos, erup\u00e7\u00e3o e coceira na pele. Perda de peso, n\u00e1useas e v\u00f4mitos s\u00e3o comuns.<\/p>\n\n\n\n<p>No caso da zika, cerca de 80% das pessoas infectadas pelo v\u00edrus n\u00e3o desenvolvem manifesta\u00e7\u00f5es cl\u00ednicas. Os principais sintomas s\u00e3o dor de cabe\u00e7a, febre baixa, dores leves nas articula\u00e7\u00f5es, manchas vermelhas na pele, coceira e vermelhid\u00e3o nos olhos. No geral, a evolu\u00e7\u00e3o da doen\u00e7a \u00e9 benigna e os sintomas desaparecem espontaneamente ap\u00f3s tr\u00eas&nbsp;a sete&nbsp;dias. A infec\u00e7\u00e3o pelo v\u00edrus zika em gestantes, no entanto,&nbsp;pode levar \u00e0 microcefalia, uma malforma\u00e7\u00e3o cong\u00eanita, em que o c\u00e9rebro do beb\u00ea n\u00e3o se desenvolve de maneira adequada.<\/p>\n\n\n\n<p>J\u00e1 os principais sintomas da chikungunya s\u00e3o febre alta de in\u00edcio r\u00e1pido, dores intensas nas articula\u00e7\u00f5es dos p\u00e9s e m\u00e3os, al\u00e9m de dedos, tornozelos e pulsos. Pode ocorrer ainda dor de cabe\u00e7a, dores nos m\u00fasculos e manchas vermelhas na pele. Os sintomas iniciam entre dois&nbsp;e 12 dias ap\u00f3s a picada do mosquito e cerca de 30% dos casos n\u00e3o apresentam sintomas.<\/p>\n","protected":false},"excerpt":{"rendered":"<p>Hoje (19) \u00e9 o Dia Nacional de Combate ao Mosquito Aedes Aegypti, transmissor da dengue, zika e chikungunya, doen\u00e7as que<\/p>\n","protected":false},"author":1,"featured_media":16875,"comment_status":"open","ping_status":"open","sticky":false,"template":"","format":"standard","meta":{"colormag_page_container_layout":"default_layout","colormag_page_sidebar_layout":"default_layout","footnotes":""},"categories":[18],"tags":[],"class_list":["post-16874","post","type-post","status-publish","format-standard","has-post-thumbnail","hentry","category-entretenimento"],"amp_enabled":true,"_links":{"self":[{"href":"https:\/\/maricatotal.com.br\/site\/wp-json\/wp\/v2\/posts\/16874","targetHints":{"allow":["GET"]}}],"collection":[{"href":"https:\/\/maricatotal.com.br\/site\/wp-json\/wp\/v2\/posts"}],"about":[{"href":"https:\/\/maricatotal.com.br\/site\/wp-json\/wp\/v2\/types\/post"}],"author":[{"embeddable":true,"href":"https:\/\/maricatotal.com.br\/site\/wp-json\/wp\/v2\/users\/1"}],"replies":[{"embeddable":true,"href":"https:\/\/maricatotal.com.br\/site\/wp-json\/wp\/v2\/comments?post=16874"}],"version-history":[{"count":1,"href":"https:\/\/maricatotal.com.br\/site\/wp-json\/wp\/v2\/posts\/16874\/revisions"}],"predecessor-version":[{"id":16876,"href":"https:\/\/maricatotal.com.br\/site\/wp-json\/wp\/v2\/posts\/16874\/revisions\/16876"}],"wp:featuredmedia":[{"embeddable":true,"href":"https:\/\/maricatotal.com.br\/site\/wp-json\/wp\/v2\/media\/16875"}],"wp:attachment":[{"href":"https:\/\/maricatotal.com.br\/site\/wp-json\/wp\/v2\/media?parent=16874"}],"wp:term":[{"taxonomy":"category","embeddable":true,"href":"https:\/\/maricatotal.com.br\/site\/wp-json\/wp\/v2\/categories?post=16874"},{"taxonomy":"post_tag","embeddable":true,"href":"https:\/\/maricatotal.com.br\/site\/wp-json\/wp\/v2\/tags?post=16874"}],"curies":[{"name":"wp","href":"https:\/\/api.w.org\/{rel}","templated":true}]}}