{"id":17043,"date":"2020-11-24T19:35:39","date_gmt":"2020-11-24T22:35:39","guid":{"rendered":"https:\/\/maricatotal.com.br\/site\/?p=17043"},"modified":"2020-11-28T19:39:28","modified_gmt":"2020-11-28T22:39:28","slug":"morre-aos-69-anos-o-jornalista-fernando-vanucci","status":"publish","type":"post","link":"https:\/\/maricatotal.com.br\/site\/2020\/11\/24\/morre-aos-69-anos-o-jornalista-fernando-vanucci\/","title":{"rendered":"Morre aos 69 anos o jornalista Fernando Vanucci"},"content":{"rendered":"\n<p>Morreu&nbsp;hoje&nbsp;(24) em S\u00e3o Paulo o radialista, apresentador de televis\u00e3o e jornalista especializado na cobertura de esportes, Fernando Vanucci, aos 69 anos. A causa da morte n\u00e3o foi divulgada pela fam\u00edlia.&nbsp;<img decoding=\"async\" src=\"https:\/\/agenciabrasil.ebc.com.br\/ebc.png?id=1394380&amp;o=node\"><img decoding=\"async\" src=\"https:\/\/agenciabrasil.ebc.com.br\/ebc.gif?id=1394380&amp;o=node\"><\/p>\n\n\n\n<p>Vanucci iniciou sua carreira na R\u00e1dio Sociedade Tri\u00e2ngulo Mineiro, em Uberaba (MG). Em 1977, transferiu-se para a TV Globo, onde apresentou v\u00e1rios telejornais, com o Globo Rep\u00f3rter, Esporte Espetacular e os Gols do Fant\u00e1stico.<\/p>\n\n\n\n<p>Ainda n\u00e3o foi divulgado onde ocorrer\u00e1 o vel\u00f3rio<\/p>\n","protected":false},"excerpt":{"rendered":"<p>Morreu&nbsp;hoje&nbsp;(24) em S\u00e3o Paulo o radialista, apresentador de televis\u00e3o e jornalista especializado na cobertura de esportes, Fernando Vanucci, aos 69<\/p>\n","protected":false},"author":1,"featured_media":17044,"comment_status":"open","ping_status":"open","sticky":false,"template":"","format":"standard","meta":{"colormag_page_container_layout":"default_layout","colormag_page_sidebar_layout":"default_layout","footnotes":""},"categories":[18],"tags":[],"class_list":["post-17043","post","type-post","status-publish","format-standard","has-post-thumbnail","hentry","category-entretenimento"],"amp_enabled":true,"_links":{"self":[{"href":"https:\/\/maricatotal.com.br\/site\/wp-json\/wp\/v2\/posts\/17043","targetHints":{"allow":["GET"]}}],"collection":[{"href":"https:\/\/maricatotal.com.br\/site\/wp-json\/wp\/v2\/posts"}],"about":[{"href":"https:\/\/maricatotal.com.br\/site\/wp-json\/wp\/v2\/types\/post"}],"author":[{"embeddable":true,"href":"https:\/\/maricatotal.com.br\/site\/wp-json\/wp\/v2\/users\/1"}],"replies":[{"embeddable":true,"href":"https:\/\/maricatotal.com.br\/site\/wp-json\/wp\/v2\/comments?post=17043"}],"version-history":[{"count":1,"href":"https:\/\/maricatotal.com.br\/site\/wp-json\/wp\/v2\/posts\/17043\/revisions"}],"predecessor-version":[{"id":17045,"href":"https:\/\/maricatotal.com.br\/site\/wp-json\/wp\/v2\/posts\/17043\/revisions\/17045"}],"wp:featuredmedia":[{"embeddable":true,"href":"https:\/\/maricatotal.com.br\/site\/wp-json\/wp\/v2\/media\/17044"}],"wp:attachment":[{"href":"https:\/\/maricatotal.com.br\/site\/wp-json\/wp\/v2\/media?parent=17043"}],"wp:term":[{"taxonomy":"category","embeddable":true,"href":"https:\/\/maricatotal.com.br\/site\/wp-json\/wp\/v2\/categories?post=17043"},{"taxonomy":"post_tag","embeddable":true,"href":"https:\/\/maricatotal.com.br\/site\/wp-json\/wp\/v2\/tags?post=17043"}],"curies":[{"name":"wp","href":"https:\/\/api.w.org\/{rel}","templated":true}]}}