{"id":17056,"date":"2020-11-25T09:29:54","date_gmt":"2020-11-25T12:29:54","guid":{"rendered":"https:\/\/maricatotal.com.br\/site\/?p=17056"},"modified":"2020-11-28T19:40:00","modified_gmt":"2020-11-28T22:40:00","slug":"governo-do-estado-anuncia-testagem-em-massa-apos-explosao-de-casos-de-coronavirus","status":"publish","type":"post","link":"https:\/\/maricatotal.com.br\/site\/2020\/11\/25\/governo-do-estado-anuncia-testagem-em-massa-apos-explosao-de-casos-de-coronavirus\/","title":{"rendered":"Governo do Estado anuncia testagem em massa ap\u00f3s explos\u00e3o de casos de coronav\u00edrus"},"content":{"rendered":"\n<p>O governador do Rio de Janeiro em exerc\u00edcio, Cl\u00e1udio Castro, anunciou nesta ter\u00e7a-feira (24) que o estado vai criar\u00a0m\u00e9todos de testagem em massa\u00a0para combater o\u00a0aumento dos n\u00fameros de mortes e casos de Covid-19. Mesmo com o crescimento, Castro\u00a0descartou, por enquanto, implementar medidas mais restritivas no estado \u2013 o chamado<em>\u00a0lockdown \u2013<\/em>\u00a0e prometeu\u00a0intensificar a fiscaliza\u00e7\u00e3o.<\/p>\n\n\n\n<p>O an\u00fancio do governador em exerc\u00edcio ocorre no momento em que o RJ registra&nbsp;um crescimento no n\u00famero de mortes e casos de Covid no estado.<\/p>\n\n\n\n<p>A m\u00e9dia m\u00f3vel de mortes, nesta ter\u00e7a, apresentou uma\u00a0varia\u00e7\u00e3o de 216% na compara\u00e7\u00e3o com as duas semanas anteriores. \u00c9 o 8\u00ba dia seguido de alta.<\/p>\n\n\n\n<p>A m\u00e9dia m\u00f3vel de\u00a0casos tamb\u00e9m est\u00e1 em alta, com varia\u00e7\u00e3o de 44%.<\/p>\n\n\n\n<p>O n\u00famero de interna\u00e7\u00f5es por Covid nos hospitais tamb\u00e9m deu um salto nos \u00faltimos dez dias \u2013\u00a0subiu de 878 para 1.051, um aumento de 26%.<\/p>\n\n\n\n<p>A taxa de\u00a0ocupa\u00e7\u00e3o em unidades de terapia intensiva\u00a0(UTIs) na rede do Sistema \u00danico de Sa\u00fade da cidade, que inclui leitos de unidades municipais, estaduais e federais, atingiu\u00a093%.<\/p>\n\n\n\n<p>Na coletiva, Castro tamb\u00e9m afirmou que ir\u00e1 anunciar, ainda esta semana, quais ser\u00e3o os\u00a0locais que v\u00e3o receber postos de diagn\u00f3stico precoce da doen\u00e7a, com exames de PCR e imagem. As medidas ser\u00e3o v\u00e1lidas por 15 dias, segundo o governador.<\/p>\n\n\n\n<p>Apesar das afirma\u00e7\u00f5es e do aumento do n\u00famero de mortes e casos, o chefe do Executivo estadual&nbsp;descartou que o RJ esteja vivendo uma &#8220;segunda onda&#8221; de Covid&nbsp;e prometeu que as&nbsp;fiscaliza\u00e7\u00f5es contra quem descumprir as medidas sanit\u00e1rias ser\u00e3o mais r\u00edgidas.<\/p>\n","protected":false},"excerpt":{"rendered":"<p>O governador do Rio de Janeiro em exerc\u00edcio, Cl\u00e1udio Castro, anunciou nesta ter\u00e7a-feira (24) que o estado vai criar\u00a0m\u00e9todos de<\/p>\n","protected":false},"author":1,"featured_media":17057,"comment_status":"open","ping_status":"open","sticky":false,"template":"","format":"standard","meta":{"colormag_page_container_layout":"default_layout","colormag_page_sidebar_layout":"default_layout","footnotes":""},"categories":[14,17],"tags":[],"class_list":["post-17056","post","type-post","status-publish","format-standard","has-post-thumbnail","hentry","category-bairros","category-politica"],"amp_enabled":true,"_links":{"self":[{"href":"https:\/\/maricatotal.com.br\/site\/wp-json\/wp\/v2\/posts\/17056","targetHints":{"allow":["GET"]}}],"collection":[{"href":"https:\/\/maricatotal.com.br\/site\/wp-json\/wp\/v2\/posts"}],"about":[{"href":"https:\/\/maricatotal.com.br\/site\/wp-json\/wp\/v2\/types\/post"}],"author":[{"embeddable":true,"href":"https:\/\/maricatotal.com.br\/site\/wp-json\/wp\/v2\/users\/1"}],"replies":[{"embeddable":true,"href":"https:\/\/maricatotal.com.br\/site\/wp-json\/wp\/v2\/comments?post=17056"}],"version-history":[{"count":1,"href":"https:\/\/maricatotal.com.br\/site\/wp-json\/wp\/v2\/posts\/17056\/revisions"}],"predecessor-version":[{"id":17058,"href":"https:\/\/maricatotal.com.br\/site\/wp-json\/wp\/v2\/posts\/17056\/revisions\/17058"}],"wp:featuredmedia":[{"embeddable":true,"href":"https:\/\/maricatotal.com.br\/site\/wp-json\/wp\/v2\/media\/17057"}],"wp:attachment":[{"href":"https:\/\/maricatotal.com.br\/site\/wp-json\/wp\/v2\/media?parent=17056"}],"wp:term":[{"taxonomy":"category","embeddable":true,"href":"https:\/\/maricatotal.com.br\/site\/wp-json\/wp\/v2\/categories?post=17056"},{"taxonomy":"post_tag","embeddable":true,"href":"https:\/\/maricatotal.com.br\/site\/wp-json\/wp\/v2\/tags?post=17056"}],"curies":[{"name":"wp","href":"https:\/\/api.w.org\/{rel}","templated":true}]}}