{"id":17060,"date":"2020-11-25T12:17:06","date_gmt":"2020-11-25T15:17:06","guid":{"rendered":"https:\/\/maricatotal.com.br\/site\/?p=17060"},"modified":"2020-11-28T19:40:00","modified_gmt":"2020-11-28T22:40:00","slug":"covid-19-fabiano-horta-afirma-estar-bem-e-tranquiliza-populacao","status":"publish","type":"post","link":"https:\/\/maricatotal.com.br\/site\/2020\/11\/25\/covid-19-fabiano-horta-afirma-estar-bem-e-tranquiliza-populacao\/","title":{"rendered":"Covid-19: Fabiano Horta afirma estar bem e tranquiliza popula\u00e7\u00e3o"},"content":{"rendered":"\n<p>O Prefeito de Maric\u00e1, Fabiano Horta (PT), publicou um v\u00eddeo nas redes sociais afirmando estar bem e se recuperando da Covid-19.<\/p>\n\n\n\n<p>Na manh\u00e3 de hoje, alguns \u00e1udios foram compartilhados no WhatsApp afirmando que o pol\u00edtico estava mal e seria internado no Hospital Municipal Dr. Ernesto Che Guevara, em S\u00e3o Jos\u00e9 do Imbassa\u00ed, em Maric\u00e1. <\/p>\n\n\n\n<p>&#8221;Pessoal, bom dia! Estou passando aqui para da um al\u00f4 para a cidade como um todo. Primeiro para tranquilizar as pessoas, estou bem, a sa\u00fade est\u00e1 evoluindo e o tratamento est\u00e1 sendo feito&#8221;, afirma Fabiano. <\/p>\n\n\n\n<p>Horta segue todos os protocolos disponibilizados pela Secretaria Municipal de Sa\u00fade, ficando em isolamento social e tomando alguns medicamentos.<\/p>\n","protected":false},"excerpt":{"rendered":"<p>O Prefeito de Maric\u00e1, Fabiano Horta (PT), publicou um v\u00eddeo nas redes sociais afirmando estar bem e se recuperando da<\/p>\n","protected":false},"author":1,"featured_media":17061,"comment_status":"open","ping_status":"open","sticky":false,"template":"","format":"standard","meta":{"colormag_page_container_layout":"default_layout","colormag_page_sidebar_layout":"default_layout","footnotes":""},"categories":[17],"tags":[],"class_list":["post-17060","post","type-post","status-publish","format-standard","has-post-thumbnail","hentry","category-politica"],"amp_enabled":true,"_links":{"self":[{"href":"https:\/\/maricatotal.com.br\/site\/wp-json\/wp\/v2\/posts\/17060","targetHints":{"allow":["GET"]}}],"collection":[{"href":"https:\/\/maricatotal.com.br\/site\/wp-json\/wp\/v2\/posts"}],"about":[{"href":"https:\/\/maricatotal.com.br\/site\/wp-json\/wp\/v2\/types\/post"}],"author":[{"embeddable":true,"href":"https:\/\/maricatotal.com.br\/site\/wp-json\/wp\/v2\/users\/1"}],"replies":[{"embeddable":true,"href":"https:\/\/maricatotal.com.br\/site\/wp-json\/wp\/v2\/comments?post=17060"}],"version-history":[{"count":2,"href":"https:\/\/maricatotal.com.br\/site\/wp-json\/wp\/v2\/posts\/17060\/revisions"}],"predecessor-version":[{"id":17063,"href":"https:\/\/maricatotal.com.br\/site\/wp-json\/wp\/v2\/posts\/17060\/revisions\/17063"}],"wp:featuredmedia":[{"embeddable":true,"href":"https:\/\/maricatotal.com.br\/site\/wp-json\/wp\/v2\/media\/17061"}],"wp:attachment":[{"href":"https:\/\/maricatotal.com.br\/site\/wp-json\/wp\/v2\/media?parent=17060"}],"wp:term":[{"taxonomy":"category","embeddable":true,"href":"https:\/\/maricatotal.com.br\/site\/wp-json\/wp\/v2\/categories?post=17060"},{"taxonomy":"post_tag","embeddable":true,"href":"https:\/\/maricatotal.com.br\/site\/wp-json\/wp\/v2\/tags?post=17060"}],"curies":[{"name":"wp","href":"https:\/\/api.w.org\/{rel}","templated":true}]}}