{"id":17068,"date":"2020-11-25T14:00:16","date_gmt":"2020-11-25T17:00:16","guid":{"rendered":"https:\/\/maricatotal.com.br\/site\/?p=17068"},"modified":"2020-11-28T19:40:00","modified_gmt":"2020-11-28T22:40:00","slug":"saude-polo-de-atendimento-ao-coronavirus-de-itaipuacu-sera-reaberto","status":"publish","type":"post","link":"https:\/\/maricatotal.com.br\/site\/2020\/11\/25\/saude-polo-de-atendimento-ao-coronavirus-de-itaipuacu-sera-reaberto\/","title":{"rendered":"Sa\u00fade: Polo de Atendimento ao Coronav\u00edrus de Itaipua\u00e7u ser\u00e1 reaberto"},"content":{"rendered":"\n<p>A Prefeitura de Maric\u00e1, atrav\u00e9s da Secretaria Municipal de Sa\u00fade, reabrir\u00e1 o Polo de Atendimento ao Coronav\u00edrus de Itaipua\u00e7u nos pr\u00f3ximos dias. A informa\u00e7\u00e3o foi confirmada pelo prefeito Fabiano Horta (PT) em um v\u00eddeo na manh\u00e3 desta ter\u00e7a-feira (25).<\/p>\n\n\n\n<p>Devido a pandemia da Covid-19 n\u00e3o ter fim e os casos aumentaram diariamente, a a\u00e7\u00e3o tem a finalidade de &#8216;desafogar&#8217; o polo do Centro de Maric\u00e1 que vem recebendo pacientes de todos os distritos da cidade.<\/p>\n\n\n\n<p>Nos \u00faltimos dias foram registradas filas enormes no local, o que preocupou todos os \u00f3rg\u00e3os respons\u00e1veis ao combate a doen\u00e7a. <\/p>\n\n\n\n<p>A estrutura fica localizada entre as ruas 08 e 09, na esquina com a Rua 34. O local provavelmente ir\u00e1 funcionar todos os dias de 08h \u00e0s 20h e tem capacidade para atender at\u00e9 600 pessoas por dia. <\/p>\n","protected":false},"excerpt":{"rendered":"<p>A Prefeitura de Maric\u00e1, atrav\u00e9s da Secretaria Municipal de Sa\u00fade, reabrir\u00e1 o Polo de Atendimento ao Coronav\u00edrus de Itaipua\u00e7u nos<\/p>\n","protected":false},"author":1,"featured_media":17069,"comment_status":"open","ping_status":"open","sticky":false,"template":"","format":"standard","meta":{"colormag_page_container_layout":"default_layout","colormag_page_sidebar_layout":"default_layout","footnotes":""},"categories":[14],"tags":[],"class_list":["post-17068","post","type-post","status-publish","format-standard","has-post-thumbnail","hentry","category-bairros"],"amp_enabled":true,"_links":{"self":[{"href":"https:\/\/maricatotal.com.br\/site\/wp-json\/wp\/v2\/posts\/17068","targetHints":{"allow":["GET"]}}],"collection":[{"href":"https:\/\/maricatotal.com.br\/site\/wp-json\/wp\/v2\/posts"}],"about":[{"href":"https:\/\/maricatotal.com.br\/site\/wp-json\/wp\/v2\/types\/post"}],"author":[{"embeddable":true,"href":"https:\/\/maricatotal.com.br\/site\/wp-json\/wp\/v2\/users\/1"}],"replies":[{"embeddable":true,"href":"https:\/\/maricatotal.com.br\/site\/wp-json\/wp\/v2\/comments?post=17068"}],"version-history":[{"count":2,"href":"https:\/\/maricatotal.com.br\/site\/wp-json\/wp\/v2\/posts\/17068\/revisions"}],"predecessor-version":[{"id":17071,"href":"https:\/\/maricatotal.com.br\/site\/wp-json\/wp\/v2\/posts\/17068\/revisions\/17071"}],"wp:featuredmedia":[{"embeddable":true,"href":"https:\/\/maricatotal.com.br\/site\/wp-json\/wp\/v2\/media\/17069"}],"wp:attachment":[{"href":"https:\/\/maricatotal.com.br\/site\/wp-json\/wp\/v2\/media?parent=17068"}],"wp:term":[{"taxonomy":"category","embeddable":true,"href":"https:\/\/maricatotal.com.br\/site\/wp-json\/wp\/v2\/categories?post=17068"},{"taxonomy":"post_tag","embeddable":true,"href":"https:\/\/maricatotal.com.br\/site\/wp-json\/wp\/v2\/tags?post=17068"}],"curies":[{"name":"wp","href":"https:\/\/api.w.org\/{rel}","templated":true}]}}