{"id":17165,"date":"2020-11-28T01:52:28","date_gmt":"2020-11-28T04:52:28","guid":{"rendered":"https:\/\/maricatotal.com.br\/site\/?p=17165"},"modified":"2020-11-28T19:42:59","modified_gmt":"2020-11-28T22:42:59","slug":"marica-tera-festa-de-fim-de-ano-sem-queima-de-fogos","status":"publish","type":"post","link":"https:\/\/maricatotal.com.br\/site\/2020\/11\/28\/marica-tera-festa-de-fim-de-ano-sem-queima-de-fogos\/","title":{"rendered":"Maric\u00e1 ter\u00e1 festa de fim de ano sem queima de fogos"},"content":{"rendered":"\n<p>Para evitar aglomera\u00e7\u00f5es por conta da pandemia da Covid-19, a Prefeitura de Maric\u00e1 decidiu que as festas de fim de ano ser\u00e3o realizadas de forma mais contida. O t\u00e3o esperado Natal Iluminado, que desde 2018 foi inserido no calend\u00e1rio de festividades do munic\u00edpio e que atrai um grande p\u00fablico para prestigiar as decora\u00e7\u00f5es natalinas, dessa vez ter\u00e1 suas dimens\u00f5es reduzidas. Tamb\u00e9m o Reveillon ser\u00e1 comemorado com uma s\u00e9rie de lives.<\/p>\n\n\n\n<p>Diferente do que ocorreu no ano passado, quando as grandes estruturas natalinas se concentraram basicamente em quatro pontos da cidade (Ara\u00e7atiba, Pra\u00e7a Orlando de Barros Pimentel, no Centro, Ponta Negra e Itaipua\u00e7u) e atra\u00edram durante os 54 dias de festividade cerca de 400 mil pessoas, o Natal Iluminado de 2020 ter\u00e1 inicialmente 13 pontos focais de decora\u00e7\u00e3o espalhados pela cidade.<\/p>\n\n\n\n<p>\u201cDecidimos que n\u00e3o vamos ter atividades culturais, mas vamos poder acender a cidade. \u00c9 um projeto muito bonito e contemplativo. N\u00e3o estamos estimulando em nada dentro dessa estrutura, que vai ser colocada \u00e0 disposi\u00e7\u00e3o da popula\u00e7\u00e3o e dos visitantes. Ent\u00e3o, nenhuma atividade cultural, nenhum brinquedo que possa contribuir para aglomera\u00e7\u00f5es de pessoas foi pensando para o projeto\u201d, garantiu o secret\u00e1rio de Turismo Jos\u00e9 Alexandre Almeida.<\/p>\n\n\n\n<p>Assim como no Natal, o Reveill\u00f3n tamb\u00e9m ter\u00e1 sua estrutura modificada, sem queima de fogos e grandes shows em espa\u00e7os p\u00fablicos para n\u00e3o gerar aglomera\u00e7\u00f5es. A ideia, segundo o secret\u00e1rio, \u00e9 que a celebra\u00e7\u00e3o da passagem de ano seja feita em forma de lives na internet com apresenta\u00e7\u00f5es dos artistas do projeto \u201cPratas da Casa\u201d, da Secretaria de Turismo.<\/p>\n\n\n\n<p>\u201cEstamos nos organizando para fortalecer essa \u00e1rea que est\u00e1 passando por tanta dificuldade, que \u00e9 a classe art\u00edstica local. Na live, vamos rememorar as imagens da queima de fogos do ano de 2019\/2020 e n\u00e3o teremos a queima de fogos este ano. N\u00e3o podemos, de maneira alguma, incentivar nenhum tipo de aglomera\u00e7\u00e3o ou que venha prejudicar a imagem da cidade que est\u00e1 cuidando das pessoas. \u00c9 assim que precisamos concluir esse ciclo\u201d, adiantou.<\/p>\n","protected":false},"excerpt":{"rendered":"<p>Para evitar aglomera\u00e7\u00f5es por conta da pandemia da Covid-19, a Prefeitura de Maric\u00e1 decidiu que as festas de fim de<\/p>\n","protected":false},"author":1,"featured_media":17166,"comment_status":"open","ping_status":"open","sticky":false,"template":"","format":"standard","meta":{"colormag_page_container_layout":"default_layout","colormag_page_sidebar_layout":"default_layout","footnotes":""},"categories":[18],"tags":[],"class_list":["post-17165","post","type-post","status-publish","format-standard","has-post-thumbnail","hentry","category-entretenimento"],"amp_enabled":true,"_links":{"self":[{"href":"https:\/\/maricatotal.com.br\/site\/wp-json\/wp\/v2\/posts\/17165","targetHints":{"allow":["GET"]}}],"collection":[{"href":"https:\/\/maricatotal.com.br\/site\/wp-json\/wp\/v2\/posts"}],"about":[{"href":"https:\/\/maricatotal.com.br\/site\/wp-json\/wp\/v2\/types\/post"}],"author":[{"embeddable":true,"href":"https:\/\/maricatotal.com.br\/site\/wp-json\/wp\/v2\/users\/1"}],"replies":[{"embeddable":true,"href":"https:\/\/maricatotal.com.br\/site\/wp-json\/wp\/v2\/comments?post=17165"}],"version-history":[{"count":1,"href":"https:\/\/maricatotal.com.br\/site\/wp-json\/wp\/v2\/posts\/17165\/revisions"}],"predecessor-version":[{"id":17167,"href":"https:\/\/maricatotal.com.br\/site\/wp-json\/wp\/v2\/posts\/17165\/revisions\/17167"}],"wp:featuredmedia":[{"embeddable":true,"href":"https:\/\/maricatotal.com.br\/site\/wp-json\/wp\/v2\/media\/17166"}],"wp:attachment":[{"href":"https:\/\/maricatotal.com.br\/site\/wp-json\/wp\/v2\/media?parent=17165"}],"wp:term":[{"taxonomy":"category","embeddable":true,"href":"https:\/\/maricatotal.com.br\/site\/wp-json\/wp\/v2\/categories?post=17165"},{"taxonomy":"post_tag","embeddable":true,"href":"https:\/\/maricatotal.com.br\/site\/wp-json\/wp\/v2\/tags?post=17165"}],"curies":[{"name":"wp","href":"https:\/\/api.w.org\/{rel}","templated":true}]}}