{"id":17379,"date":"2020-12-03T08:31:56","date_gmt":"2020-12-03T11:31:56","guid":{"rendered":"https:\/\/maricatotal.com.br\/site\/?p=17379"},"modified":"2020-12-06T11:39:13","modified_gmt":"2020-12-06T14:39:13","slug":"mec-desiste-de-retorno-as-aulas-apos-recusa-de-universidades","status":"publish","type":"post","link":"https:\/\/maricatotal.com.br\/site\/2020\/12\/03\/mec-desiste-de-retorno-as-aulas-apos-recusa-de-universidades\/","title":{"rendered":"MEC desiste de retorno \u00e0s aulas ap\u00f3s recusa de universidades"},"content":{"rendered":"\n<p>Ap\u00f3s publicar uma portaria&nbsp;em que determina o retorno das aulas presenciais das universidades a partir de janeiro de 2021, o Minist\u00e9rio da Educa\u00e7\u00e3o voltou atr\u00e1s ap\u00f3s a repercuss\u00e3o negativa e decidiu revogar a decis\u00e3o.&nbsp;O minist\u00e9rio sofreu cr\u00edticas de universidades e institui\u00e7\u00f5es de v\u00e1rias partes do pa\u00eds divulgaram comunidades onde se recusaram a voltar \u00e0s aulas alegando que n\u00e3o consideram que este seja o melhor momento. Por terem autonomia garantida por lei, as universidades podem decidir quando retornam \u00e0s aulas.<\/p>\n\n\n\n<p>Em nota divulgada na manh\u00e3 desta quarta-feira, 02,&nbsp;a reitora da Universidade Federal do Rio de Janeiro (UFRJ), Denise Pires de Carvalho, disse que a Universidade \u201cseguir\u00e1, com muita seriedade e responsabilidade, protegendo a vida da comunidade universit\u00e1ria e n\u00e3o deixar\u00e1 de cumprir, com autonomia, a sua miss\u00e3o institucional\u201d.<\/p>\n\n\n\n<p>\u00c0 CNN, o Ministro Milton Ribeiro disse que ir\u00e1 abrir uma consulta p\u00fablica para ouvir as comunidades acad\u00eamicas antes de tomar nova decis\u00e3o. &#8220;Quero abrir uma consulta p\u00fablica para ouvir o mundo acad\u00eamico. As escolas n\u00e3o estavam preparadas, faltava planejamento&#8221;, afirmou o ministro \u00e0 coluna, reafirmando que a partir de agora o MEC s\u00f3 ir\u00e1 liberar o retorno \u00e0s aulas quando as institui\u00e7\u00f5es tamb\u00e9m estiverem confiantes de que as atividades possam ocorrer em seguran\u00e7a.<\/p>\n","protected":false},"excerpt":{"rendered":"<p>Ap\u00f3s publicar uma portaria&nbsp;em que determina o retorno das aulas presenciais das universidades a partir de janeiro de 2021, o<\/p>\n","protected":false},"author":1,"featured_media":17380,"comment_status":"open","ping_status":"open","sticky":false,"template":"","format":"standard","meta":{"colormag_page_container_layout":"default_layout","colormag_page_sidebar_layout":"default_layout","footnotes":""},"categories":[18,17],"tags":[],"class_list":["post-17379","post","type-post","status-publish","format-standard","has-post-thumbnail","hentry","category-entretenimento","category-politica"],"amp_enabled":true,"_links":{"self":[{"href":"https:\/\/maricatotal.com.br\/site\/wp-json\/wp\/v2\/posts\/17379","targetHints":{"allow":["GET"]}}],"collection":[{"href":"https:\/\/maricatotal.com.br\/site\/wp-json\/wp\/v2\/posts"}],"about":[{"href":"https:\/\/maricatotal.com.br\/site\/wp-json\/wp\/v2\/types\/post"}],"author":[{"embeddable":true,"href":"https:\/\/maricatotal.com.br\/site\/wp-json\/wp\/v2\/users\/1"}],"replies":[{"embeddable":true,"href":"https:\/\/maricatotal.com.br\/site\/wp-json\/wp\/v2\/comments?post=17379"}],"version-history":[{"count":1,"href":"https:\/\/maricatotal.com.br\/site\/wp-json\/wp\/v2\/posts\/17379\/revisions"}],"predecessor-version":[{"id":17381,"href":"https:\/\/maricatotal.com.br\/site\/wp-json\/wp\/v2\/posts\/17379\/revisions\/17381"}],"wp:featuredmedia":[{"embeddable":true,"href":"https:\/\/maricatotal.com.br\/site\/wp-json\/wp\/v2\/media\/17380"}],"wp:attachment":[{"href":"https:\/\/maricatotal.com.br\/site\/wp-json\/wp\/v2\/media?parent=17379"}],"wp:term":[{"taxonomy":"category","embeddable":true,"href":"https:\/\/maricatotal.com.br\/site\/wp-json\/wp\/v2\/categories?post=17379"},{"taxonomy":"post_tag","embeddable":true,"href":"https:\/\/maricatotal.com.br\/site\/wp-json\/wp\/v2\/tags?post=17379"}],"curies":[{"name":"wp","href":"https:\/\/api.w.org\/{rel}","templated":true}]}}