{"id":17460,"date":"2020-12-05T08:02:49","date_gmt":"2020-12-05T11:02:49","guid":{"rendered":"https:\/\/maricatotal.com.br\/site\/?p=17460"},"modified":"2020-12-06T11:42:02","modified_gmt":"2020-12-06T14:42:02","slug":"decoracao-de-natal-de-marica-comeca-a-ser-instalada","status":"publish","type":"post","link":"https:\/\/maricatotal.com.br\/site\/2020\/12\/05\/decoracao-de-natal-de-marica-comeca-a-ser-instalada\/","title":{"rendered":"Decora\u00e7\u00e3o de Natal de Maric\u00e1 come\u00e7a a ser instalada"},"content":{"rendered":"\n<p>A Prefeitura de Maric\u00e1 atrav\u00e9s da Secretaria de Turismo, iniciou a montagem do \u201cNatal Iluminado &amp; Consciente 2020\u201d. As decora\u00e7\u00f5es ser\u00e3o compostas por ilumina\u00e7\u00f5es e \u00e1rvores natalinas.<\/p>\n\n\n\n<p>Segundo a secretaria, a finaliza\u00e7\u00e3o das montagens est\u00e1 prevista para o dia 12\/12. Esse ano, devido a pandemia causada pela Covid-19, a cidade n\u00e3o ter\u00e1 apresenta\u00e7\u00f5es de Natal.<\/p>\n\n\n\n<p>Diversos pontos da cidade ir\u00e3o receber as decora\u00e7\u00f5es, entre eles a Orla de Ara\u00e7atiba, Pra\u00e7a do Barroco (Itaipua\u00e7u), diversos pontos da RJ-106 e Pra\u00e7a de Ponta Negra. A ornamenta\u00e7\u00e3o permanecer\u00e1 at\u00e9 o dia 31 de janeiro do pr\u00f3ximo ano.<\/p>\n\n\n\n<p><\/p>\n","protected":false},"excerpt":{"rendered":"<p>A Prefeitura de Maric\u00e1 atrav\u00e9s da Secretaria de Turismo, iniciou a montagem do \u201cNatal Iluminado &amp; Consciente 2020\u201d. As decora\u00e7\u00f5es<\/p>\n","protected":false},"author":1,"featured_media":17461,"comment_status":"open","ping_status":"open","sticky":false,"template":"","format":"standard","meta":{"colormag_page_container_layout":"default_layout","colormag_page_sidebar_layout":"default_layout","footnotes":""},"categories":[18],"tags":[],"class_list":["post-17460","post","type-post","status-publish","format-standard","has-post-thumbnail","hentry","category-entretenimento"],"amp_enabled":true,"_links":{"self":[{"href":"https:\/\/maricatotal.com.br\/site\/wp-json\/wp\/v2\/posts\/17460","targetHints":{"allow":["GET"]}}],"collection":[{"href":"https:\/\/maricatotal.com.br\/site\/wp-json\/wp\/v2\/posts"}],"about":[{"href":"https:\/\/maricatotal.com.br\/site\/wp-json\/wp\/v2\/types\/post"}],"author":[{"embeddable":true,"href":"https:\/\/maricatotal.com.br\/site\/wp-json\/wp\/v2\/users\/1"}],"replies":[{"embeddable":true,"href":"https:\/\/maricatotal.com.br\/site\/wp-json\/wp\/v2\/comments?post=17460"}],"version-history":[{"count":1,"href":"https:\/\/maricatotal.com.br\/site\/wp-json\/wp\/v2\/posts\/17460\/revisions"}],"predecessor-version":[{"id":17462,"href":"https:\/\/maricatotal.com.br\/site\/wp-json\/wp\/v2\/posts\/17460\/revisions\/17462"}],"wp:featuredmedia":[{"embeddable":true,"href":"https:\/\/maricatotal.com.br\/site\/wp-json\/wp\/v2\/media\/17461"}],"wp:attachment":[{"href":"https:\/\/maricatotal.com.br\/site\/wp-json\/wp\/v2\/media?parent=17460"}],"wp:term":[{"taxonomy":"category","embeddable":true,"href":"https:\/\/maricatotal.com.br\/site\/wp-json\/wp\/v2\/categories?post=17460"},{"taxonomy":"post_tag","embeddable":true,"href":"https:\/\/maricatotal.com.br\/site\/wp-json\/wp\/v2\/tags?post=17460"}],"curies":[{"name":"wp","href":"https:\/\/api.w.org\/{rel}","templated":true}]}}