{"id":17482,"date":"2020-12-06T09:23:17","date_gmt":"2020-12-06T12:23:17","guid":{"rendered":"https:\/\/maricatotal.com.br\/site\/?p=17482"},"modified":"2020-12-06T11:42:39","modified_gmt":"2020-12-06T14:42:39","slug":"hospital-conde-modesto-leal-completa-84-anos","status":"publish","type":"post","link":"https:\/\/maricatotal.com.br\/site\/2020\/12\/06\/hospital-conde-modesto-leal-completa-84-anos\/","title":{"rendered":"Hospital Conde Modesto Leal completa 84 anos"},"content":{"rendered":"\n<p>O Hospital Municipal Conde Modesto Leal completa neste domingo (06\/12) 84 anos de hist\u00f3ria na Rede de Urg\u00eancia e Emerg\u00eancia da Sa\u00fade Maric\u00e1 e apoio no atendimento dos moradores das regi\u00f5es Leste Fluminense e Costa do Sol. A unidade atualmente tem 105 leitos e emerg\u00eancia nos setores de trauma, pediatria e maternidade.<\/p>\n\n\n\n<p>De janeiro a setembro deste ano, foram realizadas 3.920 interna\u00e7\u00f5es e 854 partos. No mesmo per\u00edodo, o n\u00famero de atendimentos chegou a 69.726. O total de procedimentos de urg\u00eancia e emerg\u00eancia de janeiro a setembro foi de 1.116, enquanto os procedimentos eletivos somam 596 e os exames, 945 exames.<\/p>\n\n\n\n<p>Para o diretor m\u00e9dico do Conde, Glauco Pontes, que h\u00e1 15 anos integra a equipe do hospital, a pandemia apresentou o maior desafio: seguir atendendo todas as demandas de rotina e conciliar isso com a chegada de pacientes com Covid-19.<\/p>\n\n\n\n<p>\u201cEstivemos a postos e sempre preocupados com a seguran\u00e7a dos nossos profissionais e dos pacientes, organizando os fluxos de passagem e salas. Foi uma tarefa \u00e1rdua, que fomos aprendendo aos poucos, corrigindo os erros, e estamos conseguindo sair desse momento com a sensa\u00e7\u00e3o de que fizemos um bom trabalho. Alguns procedimentos considerados eletivos pelo Minist\u00e9rio da Sa\u00fade, cujos adiamentos n\u00e3o poriam em risco a vida do paciente, foram inicialmente suspensos, mas est\u00e3o retornando de forma gradual, sempre pensando em n\u00e3o aumentar o cont\u00e1gio pela Covid- 19\u201d, assegura o m\u00e9dico.<\/p>\n\n\n\n<p>\u00c9 importante destacar que hoje o Conde possui sete leitos com respiradores e cinco de enfermaria para pacientes com Covid-19 em estado grave e que n\u00e3o t\u00eam condi\u00e7\u00f5es de serem transferidos. No in\u00edcio da pandemia, eram 15 leitos para Covid-19 com respiradores e cinco de enfermaria. Com o suporte do Hospital Municipal Dr. Ernesto Che Guevara, esse n\u00famero pode diminuir.<\/p>\n\n\n\n<p><strong>Reformas e amplia\u00e7\u00f5es<\/strong><\/p>\n\n\n\n<p>Algumas obras foram realizadas na unidade neste ano, como a amplia\u00e7\u00e3o do setor de trauma, que passou de tr\u00eas para 10 leitos, al\u00e9m da reforma da sala de sutura, no mesmo per\u00edodo. A sala de atendimento da ortopedia est\u00e1 em obras, e h\u00e1 previs\u00e3o tamb\u00e9m de amplia\u00e7\u00e3o e reconstru\u00e7\u00e3o do setor de pediatria, que se tornar\u00e1 um espa\u00e7o completo para atendimento e interna\u00e7\u00e3o, totalmente humanizado e acolhedor.<\/p>\n\n\n\n<p>A nova pediatria ser\u00e1 transferida para o espa\u00e7o do antigo Centro de Diagn\u00f3stico e Tratamento do munic\u00edpio \u2013 que hoje acolhe setores de apoio da unidade. O novo espa\u00e7o contar\u00e1 com lact\u00e1rio, aumento do n\u00famero de leitos, duas enfermarias, trauma infantil, dois isolamentos, sala de nebuliza\u00e7\u00e3o, emerg\u00eancia separada e espa\u00e7o recreativo.<\/p>\n\n\n\n<p>Sabrina Martins, moradora de S\u00e3o Jos\u00e9 do Imbassa\u00ed, deu \u00e0 luz ao pequeno Ayvan na maternidade do Hospital Municipal Conde Modesto Leal. M\u00e3e tamb\u00e9m da Aylla, de 1 ano, ela comentou que n\u00e3o teve uma boa experi\u00eancia no primeiro parto, mas em Maric\u00e1 foi muito bem tratada.<\/p>\n\n\n\n<p>\u201cSobre a maternidade de Maric\u00e1, eu amei. O enfermeiro obstetra que fez meu parto foi atencioso, conversou muito comigo e ficou ao meu lado o tempo todo. Meu parto foi \u00f3timo e o p\u00f3s-parto tamb\u00e9m, n\u00e3o tenho do que reclamar. Os pediatras e as enfermeiras foram \u00f3timos tamb\u00e9m, cuidaram bem do meu filho, me explicaram tudo direitinho. E tamb\u00e9m amei a psic\u00f3loga da maternidade. Me trataram como princesa, l\u00e1 estava melhor do que hospital particular\u201d, comentou Sabrina.<\/p>\n\n\n\n<p>O Servi\u00e7o de Atendimento Domiciliar (SAD), o Melhor em Casa, \u00e9 outro setor fundamental, que viabiliza a desospitaliza\u00e7\u00e3o, proporcionando plano de cuidado terap\u00eautico com atendimento m\u00e9dico, de enfermagem, fisioterapia, fonoaudiologia, nutri\u00e7\u00e3o, psicologia, assist\u00eancia social e dent\u00e1rio.<\/p>\n\n\n\n<p>Fernando dos Santos Oliveira, de 42 anos, morador da Colina, \u00e9 um dos pacientes que recebem o atendimento da equipe multidisciplinar em casa. O paciente foi atendido no Hospital Conde Modesto Leal devido a queimaduras de segundo grau, que atingiram 40% do seu corpo, e foi direcionado para o SAD para o tratamento das feridas.<\/p>\n\n\n\n<p>\u201cA Equipe do Melhor em Casa est\u00e1 fazendo um \u00f3timo trabalho. Recebo cuidados para os curativos, fisioterapia, nutri\u00e7\u00e3o e fonoaudiologia. Mesmo com chuva eles est\u00e3o aqui. Agrade\u00e7o tamb\u00e9m aos profissionais do Hospital Conde Modesto Leal, do m\u00e9dico ao faxineiro. Fiquei no trauma durante 10 dias e mais oito no p\u00f3s-cir\u00fargico\u201d, lembrou o pedreiro, que sofreu o acidente em maio.<\/p>\n\n\n\n<p>Curiosidade hist\u00f3rica: o im\u00f3vel que abriga o hospital foi a resid\u00eancia do conde Jo\u00e3o Leopoldo Modesto Leal, que fez fortuna como banqueiro, comerciante, empres\u00e1rio e chegou a ser senador da Rep\u00fablica. O hospital, no entanto, s\u00f3 recebeu seu nome anos ap\u00f3s a inaugura\u00e7\u00e3o.<\/p>\n\n\n\n<figure class=\"wp-block-image size-large\"><img loading=\"lazy\" decoding=\"async\" width=\"720\" height=\"484\" src=\"https:\/\/maricatotal.com.br\/site\/wp-content\/uploads\/2020\/12\/A06D3043-2552-424C-ABE4-FF4EF38BE957.jpeg\" alt=\"\" class=\"wp-image-17484\" srcset=\"https:\/\/maricatotal.com.br\/site\/wp-content\/uploads\/2020\/12\/A06D3043-2552-424C-ABE4-FF4EF38BE957.jpeg 720w, https:\/\/maricatotal.com.br\/site\/wp-content\/uploads\/2020\/12\/A06D3043-2552-424C-ABE4-FF4EF38BE957-300x202.jpeg 300w\" sizes=\"auto, (max-width: 720px) 100vw, 720px\" \/><figcaption>Foto: Reprodu\u00e7\u00e3o. <\/figcaption><\/figure>\n","protected":false},"excerpt":{"rendered":"<p>O Hospital Municipal Conde Modesto Leal completa neste domingo (06\/12) 84 anos de hist\u00f3ria na Rede de Urg\u00eancia e Emerg\u00eancia<\/p>\n","protected":false},"author":1,"featured_media":17483,"comment_status":"open","ping_status":"open","sticky":false,"template":"","format":"standard","meta":{"colormag_page_container_layout":"default_layout","colormag_page_sidebar_layout":"default_layout","footnotes":""},"categories":[14],"tags":[],"class_list":["post-17482","post","type-post","status-publish","format-standard","has-post-thumbnail","hentry","category-bairros"],"amp_enabled":true,"_links":{"self":[{"href":"https:\/\/maricatotal.com.br\/site\/wp-json\/wp\/v2\/posts\/17482","targetHints":{"allow":["GET"]}}],"collection":[{"href":"https:\/\/maricatotal.com.br\/site\/wp-json\/wp\/v2\/posts"}],"about":[{"href":"https:\/\/maricatotal.com.br\/site\/wp-json\/wp\/v2\/types\/post"}],"author":[{"embeddable":true,"href":"https:\/\/maricatotal.com.br\/site\/wp-json\/wp\/v2\/users\/1"}],"replies":[{"embeddable":true,"href":"https:\/\/maricatotal.com.br\/site\/wp-json\/wp\/v2\/comments?post=17482"}],"version-history":[{"count":1,"href":"https:\/\/maricatotal.com.br\/site\/wp-json\/wp\/v2\/posts\/17482\/revisions"}],"predecessor-version":[{"id":17485,"href":"https:\/\/maricatotal.com.br\/site\/wp-json\/wp\/v2\/posts\/17482\/revisions\/17485"}],"wp:featuredmedia":[{"embeddable":true,"href":"https:\/\/maricatotal.com.br\/site\/wp-json\/wp\/v2\/media\/17483"}],"wp:attachment":[{"href":"https:\/\/maricatotal.com.br\/site\/wp-json\/wp\/v2\/media?parent=17482"}],"wp:term":[{"taxonomy":"category","embeddable":true,"href":"https:\/\/maricatotal.com.br\/site\/wp-json\/wp\/v2\/categories?post=17482"},{"taxonomy":"post_tag","embeddable":true,"href":"https:\/\/maricatotal.com.br\/site\/wp-json\/wp\/v2\/tags?post=17482"}],"curies":[{"name":"wp","href":"https:\/\/api.w.org\/{rel}","templated":true}]}}