{"id":17515,"date":"2020-12-07T14:34:28","date_gmt":"2020-12-07T17:34:28","guid":{"rendered":"https:\/\/maricatotal.com.br\/site\/?p=17515"},"modified":"2020-12-07T14:40:04","modified_gmt":"2020-12-07T17:40:04","slug":"exclusivo-viaturas-da-guarda-municipal-de-marica-sao-retiradas-das-ruas-devido-ao-fim-de-contrato","status":"publish","type":"post","link":"https:\/\/maricatotal.com.br\/site\/2020\/12\/07\/exclusivo-viaturas-da-guarda-municipal-de-marica-sao-retiradas-das-ruas-devido-ao-fim-de-contrato\/","title":{"rendered":"Exclusivo: Viaturas da Guarda Municipal de Maric\u00e1 s\u00e3o retiradas das ruas devido ao fim de contrato"},"content":{"rendered":"\n<p>Viaturas da Guarda Municipal de Maric\u00e1 foram retiradas das ruas no fim do m\u00eas de novembro devido ao fim de contrato. <\/p>\n\n\n\n<p>Segundo informa\u00e7\u00f5es exclusivas levantadas pelo Site Maric\u00e1 Total, um novo contrato ainda n\u00e3o foi adquirido, com isso, a frota seguir\u00e1 com comboio menor neste fim de ano. Populares j\u00e1 perceberam a falta de rondas em diversos bairros de todo munic\u00edpio.<\/p>\n\n\n\n<p>Em dezembro, o contrato para uso de viaturas do Programa Estadual de Integra\u00e7\u00e3o na Seguran\u00e7a (PROEIS) ser\u00e1 encerrado e caso n\u00e3o seja renovado, os carros tamb\u00e9m ser\u00e3o retirados das ruas, assim como as motocicletas. <\/p>\n\n\n\n<p>Mesmo com pandemia da Covid-19, o fim de ano em Maric\u00e1 ja movimenta um grande n\u00famero de pessoas. Com o Natal Iluminado, a cidade ir\u00e1 receber um grande n\u00famero de turistas novamente. <\/p>\n\n\n\n<p>A seguran\u00e7a do munic\u00edpio depende grandiosamente da Guarda, o que sempre acontece em todos os anos.<\/p>\n\n\n\n<p>Os cidad\u00e3os maricaenses querem saber quando o contrato ser\u00e1 renovado pois come\u00e7aram a se sentir inseguros.<\/p>\n","protected":false},"excerpt":{"rendered":"<p>Viaturas da Guarda Municipal de Maric\u00e1 foram retiradas das ruas no fim do m\u00eas de novembro devido ao fim de<\/p>\n","protected":false},"author":1,"featured_media":17516,"comment_status":"open","ping_status":"open","sticky":false,"template":"","format":"standard","meta":{"colormag_page_container_layout":"default_layout","colormag_page_sidebar_layout":"default_layout","footnotes":""},"categories":[1,17],"tags":[],"class_list":["post-17515","post","type-post","status-publish","format-standard","has-post-thumbnail","hentry","category-noticias","category-politica"],"amp_enabled":true,"_links":{"self":[{"href":"https:\/\/maricatotal.com.br\/site\/wp-json\/wp\/v2\/posts\/17515","targetHints":{"allow":["GET"]}}],"collection":[{"href":"https:\/\/maricatotal.com.br\/site\/wp-json\/wp\/v2\/posts"}],"about":[{"href":"https:\/\/maricatotal.com.br\/site\/wp-json\/wp\/v2\/types\/post"}],"author":[{"embeddable":true,"href":"https:\/\/maricatotal.com.br\/site\/wp-json\/wp\/v2\/users\/1"}],"replies":[{"embeddable":true,"href":"https:\/\/maricatotal.com.br\/site\/wp-json\/wp\/v2\/comments?post=17515"}],"version-history":[{"count":3,"href":"https:\/\/maricatotal.com.br\/site\/wp-json\/wp\/v2\/posts\/17515\/revisions"}],"predecessor-version":[{"id":17520,"href":"https:\/\/maricatotal.com.br\/site\/wp-json\/wp\/v2\/posts\/17515\/revisions\/17520"}],"wp:featuredmedia":[{"embeddable":true,"href":"https:\/\/maricatotal.com.br\/site\/wp-json\/wp\/v2\/media\/17516"}],"wp:attachment":[{"href":"https:\/\/maricatotal.com.br\/site\/wp-json\/wp\/v2\/media?parent=17515"}],"wp:term":[{"taxonomy":"category","embeddable":true,"href":"https:\/\/maricatotal.com.br\/site\/wp-json\/wp\/v2\/categories?post=17515"},{"taxonomy":"post_tag","embeddable":true,"href":"https:\/\/maricatotal.com.br\/site\/wp-json\/wp\/v2\/tags?post=17515"}],"curies":[{"name":"wp","href":"https:\/\/api.w.org\/{rel}","templated":true}]}}