{"id":17703,"date":"2020-12-11T06:16:14","date_gmt":"2020-12-11T09:16:14","guid":{"rendered":"https:\/\/maricatotal.com.br\/site\/?p=17703"},"modified":"2020-12-11T06:16:15","modified_gmt":"2020-12-11T09:16:15","slug":"prefeitura-divulga-resultado-preliminar-do-edital-claudinho-guimaraes","status":"publish","type":"post","link":"https:\/\/maricatotal.com.br\/site\/2020\/12\/11\/prefeitura-divulga-resultado-preliminar-do-edital-claudinho-guimaraes\/","title":{"rendered":"Prefeitura divulga resultado preliminar do edital Claudinho Guimar\u00e3es"},"content":{"rendered":"\n<p>A Secretaria de Cultura divulgou na quarta-feira (09), no Jornal Oficial de Maric\u00e1 (JOM), o resultado preliminar do edital Claudinho Guimar\u00e3es (iniciativa batizada em homenagem ao cantor e compositor, morador de Maric\u00e1, que faleceu em junho deste ano). O edital de apoio \u00e0 classe art\u00edstica do munic\u00edpio nesse momento de pandemia foi lan\u00e7ado com base na Lei Federal 14.017\/2020, a Lei Aldir Blanc, e prev\u00ea o subs\u00eddio de R$ 1.500 para cada um dos 122 habilitados, de acordo com os crit\u00e9rios estabelecidos pela equipe de sele\u00e7\u00e3o.<\/p>\n\n\n\n<p>Os artistas que n\u00e3o foram selecionados podem entrar com recurso at\u00e9 esta sexta-feira (11\/12) atrav\u00e9s do e-mail :&nbsp;<a href=\"mailto:editalclaudinhoguimaraes@gmail.com\" target=\"_blank\" rel=\"noreferrer noopener\">editalclaudinhoguimaraes@gmail.com<\/a>.<\/p>\n\n\n\n<p>Sem poderem se apresentar em casas de shows, lonas culturais ou espa\u00e7os p\u00fablicos, muitos deles ainda fechados por conta da pandemia, os artistas se viram sem sua principal fonte de renda.<\/p>\n\n\n\n<p>\u201cO edital Claudinho Guimar\u00e3es veio complementar a Lei Aldir Blanc em um processo que permite ter um instrumento para a transforma\u00e7\u00e3o dessa realidade nesse ano at\u00edpico que estamos vivendo de pandemia. \u00c9 uma esp\u00e9cie de aliviar um pouco essa asfixia da classe art\u00edstica dos trabalhadores da cultura\u201d, afirmou o secret\u00e1rio de Cultura, Sady Bianchin.<\/p>\n\n\n\n<p>Ao todo o edital disponibilizou 150 vagas e 137 artistas de diversos segmentos se inscreveram no processo. \u201cN\u00e3o queremos somente fazer essa quest\u00e3o do repasse, mas queremos pensar nas pol\u00edticas culturais mais poss\u00edveis e horizontais para todos os setores dessa cidade\u201d, refor\u00e7ou Bianchin.<\/p>\n\n\n\n<p>Participaram da sele\u00e7\u00e3o pessoas f\u00edsicas, &nbsp;maiores de 18 anos, que precisavam comprovar serem moradoras de Maric\u00e1 h\u00e1 pelo menos tr\u00eas meses, al\u00e9m de comprovar a atua\u00e7\u00e3o profissional na \u00e1rea cultural h\u00e1 mais de um ano.<\/p>\n\n\n\n<p>Como contrapartida, os selecionados dever\u00e3o realizar atividades culturais gratuitas, de forma presencial, quando poss\u00edvel; em transmiss\u00f5es online promovidas pela Prefeitura de Maric\u00e1; ou ainda em forma de v\u00eddeos, com dura\u00e7\u00e3o entre 15 e 45 minutos, a serem exibidos a crit\u00e9rio da administra\u00e7\u00e3o municipal.<\/p>\n\n\n\n<p>Caso algum participante n\u00e3o tenha sido selecionado, ele ter\u00e1 o prazo de dois dias, a contar da publica\u00e7\u00e3o no JOM, para entrar com recurso pelo mesmo site em que foi feita a inscri\u00e7\u00e3o.<\/p>\n\n\n\n<p>Depois de conclu\u00eddas todas as etapas, a previs\u00e3o \u00e9 que at\u00e9 o dia 22 de dezembro &nbsp;seja feito o repasse aos selecionados.<\/p>\n","protected":false},"excerpt":{"rendered":"<p>A Secretaria de Cultura divulgou na quarta-feira (09), no Jornal Oficial de Maric\u00e1 (JOM), o resultado preliminar do edital Claudinho<\/p>\n","protected":false},"author":1,"featured_media":17704,"comment_status":"open","ping_status":"open","sticky":false,"template":"","format":"standard","meta":{"colormag_page_container_layout":"default_layout","colormag_page_sidebar_layout":"default_layout","footnotes":""},"categories":[18],"tags":[],"class_list":["post-17703","post","type-post","status-publish","format-standard","has-post-thumbnail","hentry","category-entretenimento"],"amp_enabled":true,"_links":{"self":[{"href":"https:\/\/maricatotal.com.br\/site\/wp-json\/wp\/v2\/posts\/17703","targetHints":{"allow":["GET"]}}],"collection":[{"href":"https:\/\/maricatotal.com.br\/site\/wp-json\/wp\/v2\/posts"}],"about":[{"href":"https:\/\/maricatotal.com.br\/site\/wp-json\/wp\/v2\/types\/post"}],"author":[{"embeddable":true,"href":"https:\/\/maricatotal.com.br\/site\/wp-json\/wp\/v2\/users\/1"}],"replies":[{"embeddable":true,"href":"https:\/\/maricatotal.com.br\/site\/wp-json\/wp\/v2\/comments?post=17703"}],"version-history":[{"count":1,"href":"https:\/\/maricatotal.com.br\/site\/wp-json\/wp\/v2\/posts\/17703\/revisions"}],"predecessor-version":[{"id":17705,"href":"https:\/\/maricatotal.com.br\/site\/wp-json\/wp\/v2\/posts\/17703\/revisions\/17705"}],"wp:featuredmedia":[{"embeddable":true,"href":"https:\/\/maricatotal.com.br\/site\/wp-json\/wp\/v2\/media\/17704"}],"wp:attachment":[{"href":"https:\/\/maricatotal.com.br\/site\/wp-json\/wp\/v2\/media?parent=17703"}],"wp:term":[{"taxonomy":"category","embeddable":true,"href":"https:\/\/maricatotal.com.br\/site\/wp-json\/wp\/v2\/categories?post=17703"},{"taxonomy":"post_tag","embeddable":true,"href":"https:\/\/maricatotal.com.br\/site\/wp-json\/wp\/v2\/tags?post=17703"}],"curies":[{"name":"wp","href":"https:\/\/api.w.org\/{rel}","templated":true}]}}