{"id":17715,"date":"2020-12-11T08:23:07","date_gmt":"2020-12-11T11:23:07","guid":{"rendered":"https:\/\/maricatotal.com.br\/site\/?p=17715"},"modified":"2020-12-11T08:23:08","modified_gmt":"2020-12-11T11:23:08","slug":"marica-casa-abrigo-ganha-premio-jorge-munoz","status":"publish","type":"post","link":"https:\/\/maricatotal.com.br\/site\/2020\/12\/11\/marica-casa-abrigo-ganha-premio-jorge-munoz\/","title":{"rendered":"Maric\u00e1: Casa abrigo ganha pr\u00eamio Jorge Munoz"},"content":{"rendered":"\n<p>A Casa Abrigo Ernani Gomes Duarte, inaugurada em agosto deste ano pela Prefeitura de Maric\u00e1 para atender a pessoas em situa\u00e7\u00e3o de rua, foi uma das institui\u00e7\u00f5es contempladas nesta quinta-feira (10\/12) com o pr\u00eamio Jorge Munoz, concedido pelo F\u00f3rum Permanente Sobre Popula\u00e7\u00e3o Adulta em Situa\u00e7\u00e3o de Rua. A Casa Abrigo de Maric\u00e1 ficou em terceiro lugar na premia\u00e7\u00e3o, que avaliou projetos de todo o Brasil.<\/p>\n\n\n\n<p>Segundo os respons\u00e1veis pelo F\u00f3rum, os crit\u00e9rios para a escolha dos premiados foram o respeito \u00e0 pol\u00edtica nacional para a popula\u00e7\u00e3o em situa\u00e7\u00e3o de rua, a influ\u00eancia do projeto sobre as pol\u00edticas p\u00fablicas e os resultados efetivamente alcan\u00e7ados. A Casa Ernani Gomes Duarte, com o projeto \u201cOcupa\u00e7\u00e3o e Pr\u00e1ticas Corporais\u201d, foi selecionada como uma das melhores iniciativas de 2020 \u2013 ao lado da Associa\u00e7\u00e3o Solid\u00e1rios Amigos de Bet\u00e2nia (Asab), do Rio de Janeiro, e do Centro Pop, de Niter\u00f3i.<\/p>\n\n\n\n<p>\u201cMuita alegria por termos sido escolhidos para receber esse pr\u00eamio, por um projeto que procurou dar oportunidade a uma popula\u00e7\u00e3o t\u00e3o desfavorecida, especialmente num per\u00edodo de pandemia, onde o isolamento social se tornou regra e essas pessoas n\u00e3o tinham em quem se amparar\u201d, disse Pedro Victorino, que representou a Casa Abrigo na premia\u00e7\u00e3o.<\/p>\n\n\n\n<p>A professora Nilza Rog\u00e9ria Nunes, doutora em Servi\u00e7o Social e uma das coordenadoras do F\u00f3rum Permanente, afirmou que o projeto da Casa Abrigo de Maric\u00e1 apresentou uma metodologia democr\u00e1tica \u2013 que influenciou at\u00e9 na escolha do nome da institui\u00e7\u00e3o pelos pr\u00f3prios atendidos \u2013 que refor\u00e7ou o papel da integra\u00e7\u00e3o entre setores da sociedade e entes p\u00fablicos na aplica\u00e7\u00e3o de pol\u00edticas p\u00fablicas para pessoas em situa\u00e7\u00e3o de rua.<\/p>\n\n\n\n<p>\u201cO projeto come\u00e7ou com um n\u00famero pequeno e se expandiu com muita consist\u00eancia, comprovando seu efeito multiplicador e influenciador\u201d, avaliou a especialista.<\/p>\n\n\n\n<p>A Casa Abrigo Ernani Gomes Duarte recebeu este nome em homenagem a um homem que vivia em situa\u00e7\u00e3o de rua em Maric\u00e1 e faleceu em 2019. Localizado na Rua Tenente Coronel Aviador Roberto de Souza Machado, 18, Qd 159, em Ara\u00e7atiba, o espa\u00e7o tem capacidade para at\u00e9 30 pessoas e oferece a possibilidade de pernoite, al\u00e9m de oficinas, cursos, alimenta\u00e7\u00e3o, cuidados m\u00e9dicos e apoio de especialistas em psicologia e assist\u00eancia social.Casa abrigo ganha pr\u00eamio<\/p>\n","protected":false},"excerpt":{"rendered":"<p>A Casa Abrigo Ernani Gomes Duarte, inaugurada em agosto deste ano pela Prefeitura de Maric\u00e1 para atender a pessoas em<\/p>\n","protected":false},"author":1,"featured_media":17716,"comment_status":"open","ping_status":"open","sticky":false,"template":"","format":"standard","meta":{"colormag_page_container_layout":"default_layout","colormag_page_sidebar_layout":"default_layout","footnotes":""},"categories":[18],"tags":[],"class_list":["post-17715","post","type-post","status-publish","format-standard","has-post-thumbnail","hentry","category-entretenimento"],"amp_enabled":true,"_links":{"self":[{"href":"https:\/\/maricatotal.com.br\/site\/wp-json\/wp\/v2\/posts\/17715","targetHints":{"allow":["GET"]}}],"collection":[{"href":"https:\/\/maricatotal.com.br\/site\/wp-json\/wp\/v2\/posts"}],"about":[{"href":"https:\/\/maricatotal.com.br\/site\/wp-json\/wp\/v2\/types\/post"}],"author":[{"embeddable":true,"href":"https:\/\/maricatotal.com.br\/site\/wp-json\/wp\/v2\/users\/1"}],"replies":[{"embeddable":true,"href":"https:\/\/maricatotal.com.br\/site\/wp-json\/wp\/v2\/comments?post=17715"}],"version-history":[{"count":1,"href":"https:\/\/maricatotal.com.br\/site\/wp-json\/wp\/v2\/posts\/17715\/revisions"}],"predecessor-version":[{"id":17717,"href":"https:\/\/maricatotal.com.br\/site\/wp-json\/wp\/v2\/posts\/17715\/revisions\/17717"}],"wp:featuredmedia":[{"embeddable":true,"href":"https:\/\/maricatotal.com.br\/site\/wp-json\/wp\/v2\/media\/17716"}],"wp:attachment":[{"href":"https:\/\/maricatotal.com.br\/site\/wp-json\/wp\/v2\/media?parent=17715"}],"wp:term":[{"taxonomy":"category","embeddable":true,"href":"https:\/\/maricatotal.com.br\/site\/wp-json\/wp\/v2\/categories?post=17715"},{"taxonomy":"post_tag","embeddable":true,"href":"https:\/\/maricatotal.com.br\/site\/wp-json\/wp\/v2\/tags?post=17715"}],"curies":[{"name":"wp","href":"https:\/\/api.w.org\/{rel}","templated":true}]}}