{"id":17718,"date":"2020-12-11T08:24:28","date_gmt":"2020-12-11T11:24:28","guid":{"rendered":"https:\/\/maricatotal.com.br\/site\/?p=17718"},"modified":"2020-12-11T08:24:29","modified_gmt":"2020-12-11T11:24:29","slug":"prefeitura-constroi-campos-de-futebol-de-grama-sintetica-2","status":"publish","type":"post","link":"https:\/\/maricatotal.com.br\/site\/2020\/12\/11\/prefeitura-constroi-campos-de-futebol-de-grama-sintetica-2\/","title":{"rendered":"Prefeitura constr\u00f3i campos de futebol de grama sint\u00e9tica"},"content":{"rendered":"\n<p>Itaipua\u00e7u, S\u00e3o Jos\u00e9 do Imbassa\u00ed e Cordeirinho ser\u00e3o os bairros beneficiados com a constru\u00e7\u00e3o dos primeiros campos p\u00fablicos de grama sint\u00e9tica de Maric\u00e1. Ao todo, quatro campos ser\u00e3o entregues \u00e0 popula\u00e7\u00e3o pela Prefeitura, com o objetivo de fomentar a pr\u00e1tica de exerc\u00edcio nesses locais.<\/p>\n\n\n\n<p>De acordo com Romildo Candido da Silva, respons\u00e1vel pela Coordenadoria de Interlocu\u00e7\u00e3o Institucional e Aprova\u00e7\u00e3o de Projetos, a constru\u00e7\u00e3o dos campos era uma demanda antiga.<\/p>\n\n\n\n<p>\u201cExistem v\u00e1rios campos de v\u00e1rzea no munic\u00edpio, mas ainda n\u00e3o existia nenhum campo de grama sint\u00e9tica com ilumina\u00e7\u00e3o adequada, alambrado e uma \u00e1rea de conviv\u00eancia fora do campo com aparelho de muscula\u00e7\u00e3o e mesas de dama, proporcionando um local espec\u00edfico para ambienta\u00e7\u00e3o e seguran\u00e7a para os frequentadores\u201d, explicou Romildo.<\/p>\n\n\n\n<p>Dois campos p\u00fablicos de grama sint\u00e9tica est\u00e3o localizados no bairro de Itaipua\u00e7u, um no loteamento de S\u00e3o Bento da Lagoa (Rua 17, esquina com a Rua 3) e outro no Jardim Atl\u00e2ntico (Rua 36, esquina com Rua 44); um em S\u00e3o Jos\u00e9 do Imbassa\u00ed (Estrada Real, esquina com Rua Canind\u00e9) e um campo no bairro de Cordeirinho (Rua 107, ao lado da constru\u00e7\u00e3o do est\u00e1dio em constru\u00e7\u00e3o). O campo localizado no loteamento de S\u00e3o Bento da Lagoa j\u00e1 est\u00e1 pronto e ser\u00e1 inaugurado nas pr\u00f3ximas semanas.<\/p>\n\n\n\n<p>Os campos, ainda de acordo com Romildo, seguem os padr\u00f5es do fut 5 (cinco jogadores de cada lado), com \u00e1rea de jogo de 34 metros de comprimento por 16 metros de largura, 1 metro e meio nos fundos e tr\u00eas metros nas laterais. Os alambrados t\u00eam 6 metros de comprimento e as balizas t\u00eam cinco metros de comprimento por dois de altura. O projeto decorre de&nbsp;recurso federal, oriundo de uma emenda parlamentar de autoria do ent\u00e3o deputado federal Fabiano Horta.<\/p>\n\n\n\n<p>\u201c\u00c9 importante frisar que a Secretaria de Esportes j\u00e1 est\u00e1 adotando as provid\u00eancias para colocar a tela de fechamento na parte superior dos campos, para evitar que as bolas saiam\u201d, completou.<\/p>\n\n\n\n<p>Para o secret\u00e1rio de Esportes do munic\u00edpio, Carlos Vagner Frauches, o projeto vai proporcionar um espa\u00e7o revolucion\u00e1rio para os moradores.<\/p>\n\n\n\n<p>\u201c\u00c9 um local da comunidade, para reunir os amigos ap\u00f3s o trabalho, para brincar e se divertir em grupo. A proposta, al\u00e9m de unir os moradores, \u00e9 incentivar o esporte. Temos a inten\u00e7\u00e3o de utilizar esses campos para a pr\u00e1tica de projetos socioesportivos da Secretaria de Esportes, atrav\u00e9s do programa Maric\u00e1 + Esporte 2, que oferece modalidades, como circuito funcional e aulas de dan\u00e7a\u201d, comentou. \u00c9 importante destacar que o projeto Maric\u00e1 + Esporte 2 s\u00f3 voltar\u00e1 a funcionar com a flexibiliza\u00e7\u00e3o.<\/p>\n\n\n\n<p>O fot\u00f3grafo Douglas Santos, 33, que mora ao lado do campo do loteamento de S\u00e3o Bento da Lagoa e viu a obra desde o in\u00edcio, contou que est\u00e1 ansioso para a inaugura\u00e7\u00e3o do campo.<\/p>\n\n\n\n<p>\u201cUma constru\u00e7\u00e3o como essa \u00e9 algo muito positivo para n\u00f3s, e valoriza o bairro tamb\u00e9m, a ansiedade de ver pronto \u00e9 grande. O campo cria um senso de comunidade. Fui jovem e sei como \u00e9, ao inv\u00e9s dos adolescentes ficarem desocupados, eles podem ter aqui um certo tipo de educa\u00e7\u00e3o \u2013 claro, tomando as devidas precau\u00e7\u00f5es por causa da Covid-19\u201d, disse.<\/p>\n","protected":false},"excerpt":{"rendered":"<p>Itaipua\u00e7u, S\u00e3o Jos\u00e9 do Imbassa\u00ed e Cordeirinho ser\u00e3o os bairros beneficiados com a constru\u00e7\u00e3o dos primeiros campos p\u00fablicos de grama<\/p>\n","protected":false},"author":1,"featured_media":17707,"comment_status":"open","ping_status":"open","sticky":false,"template":"","format":"standard","meta":{"colormag_page_container_layout":"default_layout","colormag_page_sidebar_layout":"default_layout","footnotes":""},"categories":[14,18],"tags":[],"class_list":["post-17718","post","type-post","status-publish","format-standard","has-post-thumbnail","hentry","category-bairros","category-entretenimento"],"amp_enabled":true,"_links":{"self":[{"href":"https:\/\/maricatotal.com.br\/site\/wp-json\/wp\/v2\/posts\/17718","targetHints":{"allow":["GET"]}}],"collection":[{"href":"https:\/\/maricatotal.com.br\/site\/wp-json\/wp\/v2\/posts"}],"about":[{"href":"https:\/\/maricatotal.com.br\/site\/wp-json\/wp\/v2\/types\/post"}],"author":[{"embeddable":true,"href":"https:\/\/maricatotal.com.br\/site\/wp-json\/wp\/v2\/users\/1"}],"replies":[{"embeddable":true,"href":"https:\/\/maricatotal.com.br\/site\/wp-json\/wp\/v2\/comments?post=17718"}],"version-history":[{"count":1,"href":"https:\/\/maricatotal.com.br\/site\/wp-json\/wp\/v2\/posts\/17718\/revisions"}],"predecessor-version":[{"id":17719,"href":"https:\/\/maricatotal.com.br\/site\/wp-json\/wp\/v2\/posts\/17718\/revisions\/17719"}],"wp:featuredmedia":[{"embeddable":true,"href":"https:\/\/maricatotal.com.br\/site\/wp-json\/wp\/v2\/media\/17707"}],"wp:attachment":[{"href":"https:\/\/maricatotal.com.br\/site\/wp-json\/wp\/v2\/media?parent=17718"}],"wp:term":[{"taxonomy":"category","embeddable":true,"href":"https:\/\/maricatotal.com.br\/site\/wp-json\/wp\/v2\/categories?post=17718"},{"taxonomy":"post_tag","embeddable":true,"href":"https:\/\/maricatotal.com.br\/site\/wp-json\/wp\/v2\/tags?post=17718"}],"curies":[{"name":"wp","href":"https:\/\/api.w.org\/{rel}","templated":true}]}}