{"id":17722,"date":"2020-12-11T10:38:48","date_gmt":"2020-12-11T13:38:48","guid":{"rendered":"https:\/\/maricatotal.com.br\/site\/?p=17722"},"modified":"2020-12-11T10:38:49","modified_gmt":"2020-12-11T13:38:49","slug":"mec-autoriza-aulas-nao-presenciais-ate-dezembro-de-2021","status":"publish","type":"post","link":"https:\/\/maricatotal.com.br\/site\/2020\/12\/11\/mec-autoriza-aulas-nao-presenciais-ate-dezembro-de-2021\/","title":{"rendered":"MEC autoriza aulas n\u00e3o presenciais at\u00e9 dezembro de 2021"},"content":{"rendered":"\n<p>O ministro da Educa\u00e7\u00e3o, Milton Ribeiro, homologou o Parecer n\u00ba 19, do Conselho Nacional de Educa\u00e7\u00e3o (CNE), que estende at\u00e9 31 de dezembro de 2021 a permiss\u00e3o para atividades remotas no ensino b\u00e1sico e superior em todo o pa\u00eds. A valida\u00e7\u00e3o da decis\u00e3o do CNE foi publicada na edi\u00e7\u00e3o desta quinta-feira (10) do Di\u00e1rio Oficial da Uni\u00e3o (DOU), em despacho assinado pelo pr\u00f3prio ministro.<\/p>\n\n\n\n<p>De acordo com o parecer, aprovado pelo colegiado em outubro, os sistemas p\u00fablicos municipais e estaduais de ensino, bem como as institui\u00e7\u00f5es privadas, possuem autonomia para normatizar a reorganiza\u00e7\u00e3o dos calend\u00e1rios e o replanejamento curricular ao longo do pr\u00f3ximo ano, desde que observados alguns crit\u00e9rios, como assegurar formas de aprendizagem pelos estudantes e o registro detalhado das atividades n\u00e3o presenciais.<\/p>\n\n\n\n<p>Outra regra definida no parecer \u00e9 a que flexibiliza formas de avalia\u00e7\u00e3o dos estudantes durante a vig\u00eancia do estado de calamidade p\u00fablica. &#8220;Em face da situa\u00e7\u00e3o emergencial, cabe aos sistemas de ensino, secretarias de educa\u00e7\u00e3o e institui\u00e7\u00f5es escolares promover a redefini\u00e7\u00e3o de crit\u00e9rios de avalia\u00e7\u00e3o para promo\u00e7\u00e3o dos estudantes, no que tange a mudan\u00e7as nos curr\u00edculos e em carga hor\u00e1ria, conforme normas e protocolos locais, sem comprometimento do alcance das metas constitucionais e legais quanto ao aproveitamento para a maioria dos estudantes, aos objetivos de aprendizagem e desenvolvimento, e \u00e0 carga hor\u00e1ria, na forma flex\u00edvel permitida por lei e pelas peculiaridades locais&#8221;.<\/p>\n\n\n\n<p>Apesar de estender o prazo para atividades remotas em todas institui\u00e7\u00f5es de ensino at\u00e9 dezembro do ano que vem, o MEC determinou, em portaria editada na ter\u00e7a-feira (8), que o retorno \u00e0s atividades presenciais nas institui\u00e7\u00f5es federais de ensino superior deve come\u00e7ar antes, a partir do dia 1\u00ba de mar\u00e7o. A data anterior previa esse retorno j\u00e1 no dia 4 de janeiro, mas a pasta decidiu prorrogar esse prazo ap\u00f3s reclama\u00e7\u00e3o das universidades e dos institutos federais.<\/p>\n","protected":false},"excerpt":{"rendered":"<p>O ministro da Educa\u00e7\u00e3o, Milton Ribeiro, homologou o Parecer n\u00ba 19, do Conselho Nacional de Educa\u00e7\u00e3o (CNE), que estende at\u00e9<\/p>\n","protected":false},"author":1,"featured_media":10849,"comment_status":"open","ping_status":"open","sticky":false,"template":"","format":"standard","meta":{"colormag_page_container_layout":"default_layout","colormag_page_sidebar_layout":"default_layout","footnotes":""},"categories":[14],"tags":[],"class_list":["post-17722","post","type-post","status-publish","format-standard","has-post-thumbnail","hentry","category-bairros"],"amp_enabled":true,"_links":{"self":[{"href":"https:\/\/maricatotal.com.br\/site\/wp-json\/wp\/v2\/posts\/17722","targetHints":{"allow":["GET"]}}],"collection":[{"href":"https:\/\/maricatotal.com.br\/site\/wp-json\/wp\/v2\/posts"}],"about":[{"href":"https:\/\/maricatotal.com.br\/site\/wp-json\/wp\/v2\/types\/post"}],"author":[{"embeddable":true,"href":"https:\/\/maricatotal.com.br\/site\/wp-json\/wp\/v2\/users\/1"}],"replies":[{"embeddable":true,"href":"https:\/\/maricatotal.com.br\/site\/wp-json\/wp\/v2\/comments?post=17722"}],"version-history":[{"count":1,"href":"https:\/\/maricatotal.com.br\/site\/wp-json\/wp\/v2\/posts\/17722\/revisions"}],"predecessor-version":[{"id":17723,"href":"https:\/\/maricatotal.com.br\/site\/wp-json\/wp\/v2\/posts\/17722\/revisions\/17723"}],"wp:featuredmedia":[{"embeddable":true,"href":"https:\/\/maricatotal.com.br\/site\/wp-json\/wp\/v2\/media\/10849"}],"wp:attachment":[{"href":"https:\/\/maricatotal.com.br\/site\/wp-json\/wp\/v2\/media?parent=17722"}],"wp:term":[{"taxonomy":"category","embeddable":true,"href":"https:\/\/maricatotal.com.br\/site\/wp-json\/wp\/v2\/categories?post=17722"},{"taxonomy":"post_tag","embeddable":true,"href":"https:\/\/maricatotal.com.br\/site\/wp-json\/wp\/v2\/tags?post=17722"}],"curies":[{"name":"wp","href":"https:\/\/api.w.org\/{rel}","templated":true}]}}