{"id":17770,"date":"2020-12-14T09:38:04","date_gmt":"2020-12-14T12:38:04","guid":{"rendered":"https:\/\/maricatotal.com.br\/site\/?p=17770"},"modified":"2020-12-14T09:38:05","modified_gmt":"2020-12-14T12:38:05","slug":"marica-dezembro-verde-alerta-sobre-abandono-e-maus-tratos-a-animais","status":"publish","type":"post","link":"https:\/\/maricatotal.com.br\/site\/2020\/12\/14\/marica-dezembro-verde-alerta-sobre-abandono-e-maus-tratos-a-animais\/","title":{"rendered":"Maric\u00e1: Dezembro verde alerta sobre abandono e maus-tratos a animais"},"content":{"rendered":"\n<p>Durante todo este m\u00eas a campanha Dezembro Verde vai alertar a popula\u00e7\u00e3o sobre as graves consequ\u00eancias do abandono de animais e fomentar a guarda respons\u00e1vel dos bichinhos, geralmente c\u00e3es e gatos que vagam nas ruas, ap\u00f3s serem abandonados por seus tutores. Embora n\u00e3o haja estat\u00edsticas oficiais, uma estimativa da Organiza\u00e7\u00e3o Mundial da Sa\u00fade (OMS) aponta que mais de 30 milh\u00f5es de c\u00e3es e gatos estejam em situa\u00e7\u00e3o de abandono no Brasil. A campanha \u00e9 promovida pelo&nbsp; Conselho Regional de Medicina Veterin\u00e1ria de S\u00e3o Paulo (CRMV-SP).<img decoding=\"async\" src=\"https:\/\/agenciabrasil.ebc.com.br\/ebc.png?id=1396244&amp;o=rss\"><img decoding=\"async\" src=\"https:\/\/agenciabrasil.ebc.com.br\/ebc.gif?id=1396244&amp;o=rss\"><\/p>\n\n\n\n<p>Abandonar ou maltratar animais \u00e9 crime previsto pela\u00a0<a rel=\"noreferrer noopener\" href=\"http:\/\/www.planalto.gov.br\/ccivil_03\/LEIS\/L9605.htm\" target=\"_blank\">Lei Federal n\u00ba 9.605\/98<\/a>. Vale lembrar que uma nova legisla\u00e7\u00e3o, a\u00a0<a rel=\"noreferrer noopener\" href=\"http:\/\/www.planalto.gov.br\/ccivil_03\/_Ato2019-2022\/2020\/Lei\/L14064.htm\" target=\"_blank\">Lei Federal n\u00ba 14.064\/20<\/a>, sancionada em setembro, aumentou a pena de deten\u00e7\u00e3o que era de at\u00e9 um ano para at\u00e9 cinco anos para quem cometer este crime. Al\u00e9m disso, o rito processual passa \u00e0 vara criminal, n\u00e3o mais ao juizado especial.<\/p>\n\n\n\n<p>&#8220;A maioria dos animais abandonados n\u00e3o \u00e9 resgatada e sofre com fome, doen\u00e7as, exposi\u00e7\u00e3o ao tempo, riscos de atropelamento e traumas que interferem em seu bem-estar mental e comportamento&#8221;, alerta a m\u00e9dica-veterin\u00e1ria Cristiane Pizzutto, presidente da Comiss\u00e3o T\u00e9cnica de Bem-estar Animal (CTBEA) do CRMV-SP.<\/p>\n\n\n\n<p>Outra quest\u00e3o grave s\u00e3o os preju\u00edzos \u00e0 sa\u00fade p\u00fablica. &#8220;O abandono impacta diretamente na vida das pessoas, pois animais nas ruas causam acidentes de tr\u00e2nsito, prejudicam o turismo e afetam a sa\u00fade p\u00fablica \u2013\u00a0 devido \u00e0s doen\u00e7as que afetam tanto humanos quanto animais&#8221;, diz a m\u00e9dica-veterin\u00e1ria Rosangela Gebara, que integra a CTBEA\/CRMV-SP.<\/p>\n\n\n\n<p>Quem presencia maus tratos com animais e deseja denunciar, deve seguir as seguintes recomenda\u00e7\u00f5es: reunir todas as provas existentes (como fotos, v\u00eddeos, imagens de circuitos de condom\u00ednios, \u00e1udios) e com o material em m\u00e3os, ir at\u00e9 uma delegacia de pol\u00edcia e registrar o boletim de ocorr\u00eancia.<\/p>\n","protected":false},"excerpt":{"rendered":"<p>Durante todo este m\u00eas a campanha Dezembro Verde vai alertar a popula\u00e7\u00e3o sobre as graves consequ\u00eancias do abandono de animais<\/p>\n","protected":false},"author":1,"featured_media":17588,"comment_status":"open","ping_status":"open","sticky":false,"template":"","format":"standard","meta":{"colormag_page_container_layout":"default_layout","colormag_page_sidebar_layout":"default_layout","footnotes":""},"categories":[14,1],"tags":[],"class_list":["post-17770","post","type-post","status-publish","format-standard","has-post-thumbnail","hentry","category-bairros","category-noticias"],"amp_enabled":true,"_links":{"self":[{"href":"https:\/\/maricatotal.com.br\/site\/wp-json\/wp\/v2\/posts\/17770","targetHints":{"allow":["GET"]}}],"collection":[{"href":"https:\/\/maricatotal.com.br\/site\/wp-json\/wp\/v2\/posts"}],"about":[{"href":"https:\/\/maricatotal.com.br\/site\/wp-json\/wp\/v2\/types\/post"}],"author":[{"embeddable":true,"href":"https:\/\/maricatotal.com.br\/site\/wp-json\/wp\/v2\/users\/1"}],"replies":[{"embeddable":true,"href":"https:\/\/maricatotal.com.br\/site\/wp-json\/wp\/v2\/comments?post=17770"}],"version-history":[{"count":1,"href":"https:\/\/maricatotal.com.br\/site\/wp-json\/wp\/v2\/posts\/17770\/revisions"}],"predecessor-version":[{"id":17771,"href":"https:\/\/maricatotal.com.br\/site\/wp-json\/wp\/v2\/posts\/17770\/revisions\/17771"}],"wp:featuredmedia":[{"embeddable":true,"href":"https:\/\/maricatotal.com.br\/site\/wp-json\/wp\/v2\/media\/17588"}],"wp:attachment":[{"href":"https:\/\/maricatotal.com.br\/site\/wp-json\/wp\/v2\/media?parent=17770"}],"wp:term":[{"taxonomy":"category","embeddable":true,"href":"https:\/\/maricatotal.com.br\/site\/wp-json\/wp\/v2\/categories?post=17770"},{"taxonomy":"post_tag","embeddable":true,"href":"https:\/\/maricatotal.com.br\/site\/wp-json\/wp\/v2\/tags?post=17770"}],"curies":[{"name":"wp","href":"https:\/\/api.w.org\/{rel}","templated":true}]}}