{"id":17880,"date":"2020-12-15T15:10:22","date_gmt":"2020-12-15T18:10:22","guid":{"rendered":"https:\/\/maricatotal.com.br\/site\/?p=17880"},"modified":"2020-12-15T15:10:23","modified_gmt":"2020-12-15T18:10:23","slug":"fiocruz-faz-um-alerta-sobre-a-pandemia-e-afirma-que-prefeituras-nao-devem-relaxar-medidas","status":"publish","type":"post","link":"https:\/\/maricatotal.com.br\/site\/2020\/12\/15\/fiocruz-faz-um-alerta-sobre-a-pandemia-e-afirma-que-prefeituras-nao-devem-relaxar-medidas\/","title":{"rendered":"Fiocruz faz um alerta sobre a pandemia e afirma que prefeituras n\u00e3o devem relaxar medidas"},"content":{"rendered":"\n<p>A expectativa de uma vacina contra o v\u00edrus Sars-Cov-2, que causa a covid-19, n\u00e3o deve ser motivo para as prefeituras relaxarem nas medidas de preven\u00e7\u00e3o contra a dissemina\u00e7\u00e3o da doen\u00e7a. As recomenda\u00e7\u00f5es aos prefeitos eleitos ou reeleitos em novembro est\u00e3o no Boletim do Observat\u00f3rio Fiocruz Covid-19 divulgado ontem (14) pela institui\u00e7\u00e3o.<\/p>\n\n\n\n<p>Segundo especialistas da Funda\u00e7\u00e3o Oswaldo Cruz, nos pr\u00f3ximos meses a busca por interna\u00e7\u00f5es hospitalares e assist\u00eancia m\u00e9dica especializada pode aumentar, tanto nas regi\u00f5es metropolitanas quanto no interior. O boletim alerta para um \u201cexpressivo aumento no n\u00famero de casos e de \u00f3bitos por covid-19 ao longo das semanas epidemiol\u00f3gicas 48 e 49 (22 de novembro a 5 de dezembro)\u201d, al\u00e9m de uma piora na disponibiliza\u00e7\u00e3o de leitos em UTIs para o tratamento da doen\u00e7a.<\/p>\n\n\n\n<p>\u201cAlertamos que h\u00e1 um poss\u00edvel agravamento da pandemia exatamente quando se aproximam as festas de Natal e Ano Novo, per\u00edodo tradicionalmente marcado por encontros e confraterniza\u00e7\u00f5es, maior circula\u00e7\u00e3o e aglomera\u00e7\u00e3o de pessoas. Com a proximidade de uma vacina contra a covid-19, \u00e9 necess\u00e1rio refor\u00e7ar as orienta\u00e7\u00f5es de preven\u00e7\u00e3o, lembrando que, at\u00e9 que tenhamos um consider\u00e1vel contingente populacional coberto pela vacina, n\u00e3o ser\u00e1 poss\u00edvel alterar as medidas atuais\u201d.<\/p>\n\n\n\n<p>O boletim aponta para aumento de casos e \u00f3bitos em diversos estados nas pr\u00f3ximas semanas e a Regi\u00e3o Nordeste como cr\u00edtica para a transmiss\u00e3o e incid\u00eancia de casos graves, hospitaliza\u00e7\u00f5es e poss\u00edveis \u00f3bitos. Segundo a Fiocruz, houve altas taxas de mortalidade na Regi\u00e3o Norte nas \u00faltimas semanas, bem como n\u00edveis muito altos de incid\u00eancia de S\u00edndromes Respirat\u00f3rias Agudas Graves (SRAG) em todos os estados do pa\u00eds.<\/p>\n\n\n\n<p>O Boletim do Observat\u00f3rio Fiocruz Covid-19 destaca que os desafios para a humanidade, na passagem de 2020 para 2021, \u201cpermanecem imensos\u201d e faz recomenda\u00e7\u00f5es ao poder p\u00fablico municipal.<\/p>\n\n\n\n<p>Uma das medidas s\u00e3o as a\u00e7\u00f5es de preven\u00e7\u00e3o de riscos para conter o aumento do n\u00famero de casos e \u00f3bitos. Para tanto, devem ser feitas campanhas de conscientiza\u00e7\u00e3o sobre as medidas de seguran\u00e7a sanit\u00e1ria e editadas normas legais para o isolamento que contemplem a prote\u00e7\u00e3o social dos grupos vulner\u00e1veis.<\/p>\n\n\n\n<p>Outras medidas orientam para a prepara\u00e7\u00e3o de campanhas de vacina\u00e7\u00e3o. Os cientistas destacam que as prefeituras devem atuar em coopera\u00e7\u00e3o com as esferas estaduais e federal para garantir a imuniza\u00e7\u00e3o da popula\u00e7\u00e3o, organizando a log\u00edstica e capacitando pessoal para a aplica\u00e7\u00e3o das doses.<\/p>\n","protected":false},"excerpt":{"rendered":"<p>A expectativa de uma vacina contra o v\u00edrus Sars-Cov-2, que causa a covid-19, n\u00e3o deve ser motivo para as prefeituras<\/p>\n","protected":false},"author":1,"featured_media":17882,"comment_status":"open","ping_status":"open","sticky":false,"template":"","format":"standard","meta":{"colormag_page_container_layout":"default_layout","colormag_page_sidebar_layout":"default_layout","footnotes":""},"categories":[14,17],"tags":[],"class_list":["post-17880","post","type-post","status-publish","format-standard","has-post-thumbnail","hentry","category-bairros","category-politica"],"amp_enabled":true,"_links":{"self":[{"href":"https:\/\/maricatotal.com.br\/site\/wp-json\/wp\/v2\/posts\/17880","targetHints":{"allow":["GET"]}}],"collection":[{"href":"https:\/\/maricatotal.com.br\/site\/wp-json\/wp\/v2\/posts"}],"about":[{"href":"https:\/\/maricatotal.com.br\/site\/wp-json\/wp\/v2\/types\/post"}],"author":[{"embeddable":true,"href":"https:\/\/maricatotal.com.br\/site\/wp-json\/wp\/v2\/users\/1"}],"replies":[{"embeddable":true,"href":"https:\/\/maricatotal.com.br\/site\/wp-json\/wp\/v2\/comments?post=17880"}],"version-history":[{"count":1,"href":"https:\/\/maricatotal.com.br\/site\/wp-json\/wp\/v2\/posts\/17880\/revisions"}],"predecessor-version":[{"id":17881,"href":"https:\/\/maricatotal.com.br\/site\/wp-json\/wp\/v2\/posts\/17880\/revisions\/17881"}],"wp:featuredmedia":[{"embeddable":true,"href":"https:\/\/maricatotal.com.br\/site\/wp-json\/wp\/v2\/media\/17882"}],"wp:attachment":[{"href":"https:\/\/maricatotal.com.br\/site\/wp-json\/wp\/v2\/media?parent=17880"}],"wp:term":[{"taxonomy":"category","embeddable":true,"href":"https:\/\/maricatotal.com.br\/site\/wp-json\/wp\/v2\/categories?post=17880"},{"taxonomy":"post_tag","embeddable":true,"href":"https:\/\/maricatotal.com.br\/site\/wp-json\/wp\/v2\/tags?post=17880"}],"curies":[{"name":"wp","href":"https:\/\/api.w.org\/{rel}","templated":true}]}}