{"id":17972,"date":"2020-12-17T07:17:53","date_gmt":"2020-12-17T10:17:53","guid":{"rendered":"https:\/\/maricatotal.com.br\/site\/?p=17972"},"modified":"2020-12-17T07:18:30","modified_gmt":"2020-12-17T10:18:30","slug":"divulgado-resultado-final-da-investigacao-social-para-cargo-de-gm","status":"publish","type":"post","link":"https:\/\/maricatotal.com.br\/site\/2020\/12\/17\/divulgado-resultado-final-da-investigacao-social-para-cargo-de-gm\/","title":{"rendered":"Divulgado resultado final da investiga\u00e7\u00e3o social para cargo de GM"},"content":{"rendered":"\n<p>A Prefeitura de Maric\u00e1 e a banca examinadora Coseac UFF publicaram, nesta ter\u00e7a-feira (15), o resultado final da fase de investiga\u00e7\u00e3o social para o concurso ao cargo de Guarda Municipal, da Secretaria de Ordem P\u00fablica e Gabinete Institucional de Maric\u00e1.<\/p>\n\n\n\n<p>O certame, que oferta 200 vagas, segue para a etapa de convoca\u00e7\u00e3o para o exame admissional dos candidatos, mas ainda n\u00e3o h\u00e1 data de realiza\u00e7\u00e3o por conta da pandemia da Covid-19, que mudou todo o cronograma do concurso.<\/p>\n\n\n\n<p>\u00c9 importante destacar que o munic\u00edpio est\u00e1 seguindo o que prev\u00ea a Lei Complementar&nbsp; 173\/20, que estabeleceu o Programa Federativo de Enfrentamento ao coronav\u00edrus.<\/p>\n\n\n\n<p>De acordo com o artigo 8\u00b0, inciso IV do documento, a Uni\u00e3o, os Estados, o Distrito Federal e os Munic\u00edpios afetados pela calamidade p\u00fablica decorrente da pandemia da Covid-19 ficam proibidos de realizar qualquer atividade que gerem despesas p\u00fablicas at\u00e9 31 de dezembro de 2021.<\/p>\n\n\n\n<p>LINKS \u00daTEIS:<\/p>\n\n\n\n<p>Listagem do resultado final, ap\u00f3s recurso na fase de investiga\u00e7\u00e3o social: &nbsp;<a href=\"https:\/\/www.marica.rj.gov.br\/wp-content\/uploads\/2020\/12\/Concurso20192-ResultadoFaseInvestiga%C3%A7%C3%A3oSocial-v2.pdf\">https:\/\/www.marica.rj.gov.br\/wp-content\/uploads\/2020\/12\/Concurso20192-ResultadoFaseInvestiga%C3%A7%C3%A3oSocial-v2.pdf<\/a><\/p>\n\n\n\n<p>Listagem dos indicados para a pr\u00f3xima fase, ap\u00f3s a investiga\u00e7\u00e3o social:<\/p>\n\n\n\n<p><a href=\"https:\/\/www.marica.rj.gov.br\/wp-content\/uploads\/2020\/12\/v3.pdf\">https:\/\/www.marica.rj.gov.br\/wp-content\/uploads\/2020\/12\/v3.pdf<\/a><\/p>\n","protected":false},"excerpt":{"rendered":"<p>A Prefeitura de Maric\u00e1 e a banca examinadora Coseac UFF publicaram, nesta ter\u00e7a-feira (15), o resultado final da fase de<\/p>\n","protected":false},"author":1,"featured_media":17973,"comment_status":"open","ping_status":"open","sticky":false,"template":"","format":"standard","meta":{"colormag_page_container_layout":"default_layout","colormag_page_sidebar_layout":"default_layout","footnotes":""},"categories":[18],"tags":[],"class_list":["post-17972","post","type-post","status-publish","format-standard","has-post-thumbnail","hentry","category-entretenimento"],"amp_enabled":true,"_links":{"self":[{"href":"https:\/\/maricatotal.com.br\/site\/wp-json\/wp\/v2\/posts\/17972","targetHints":{"allow":["GET"]}}],"collection":[{"href":"https:\/\/maricatotal.com.br\/site\/wp-json\/wp\/v2\/posts"}],"about":[{"href":"https:\/\/maricatotal.com.br\/site\/wp-json\/wp\/v2\/types\/post"}],"author":[{"embeddable":true,"href":"https:\/\/maricatotal.com.br\/site\/wp-json\/wp\/v2\/users\/1"}],"replies":[{"embeddable":true,"href":"https:\/\/maricatotal.com.br\/site\/wp-json\/wp\/v2\/comments?post=17972"}],"version-history":[{"count":2,"href":"https:\/\/maricatotal.com.br\/site\/wp-json\/wp\/v2\/posts\/17972\/revisions"}],"predecessor-version":[{"id":17978,"href":"https:\/\/maricatotal.com.br\/site\/wp-json\/wp\/v2\/posts\/17972\/revisions\/17978"}],"wp:featuredmedia":[{"embeddable":true,"href":"https:\/\/maricatotal.com.br\/site\/wp-json\/wp\/v2\/media\/17973"}],"wp:attachment":[{"href":"https:\/\/maricatotal.com.br\/site\/wp-json\/wp\/v2\/media?parent=17972"}],"wp:term":[{"taxonomy":"category","embeddable":true,"href":"https:\/\/maricatotal.com.br\/site\/wp-json\/wp\/v2\/categories?post=17972"},{"taxonomy":"post_tag","embeddable":true,"href":"https:\/\/maricatotal.com.br\/site\/wp-json\/wp\/v2\/tags?post=17972"}],"curies":[{"name":"wp","href":"https:\/\/api.w.org\/{rel}","templated":true}]}}