{"id":17974,"date":"2020-12-17T08:37:14","date_gmt":"2020-12-17T11:37:14","guid":{"rendered":"https:\/\/maricatotal.com.br\/site\/?p=17974"},"modified":"2020-12-17T08:41:18","modified_gmt":"2020-12-17T11:41:18","slug":"supermercados-poderao-servir-como-postos-de-vacinacao-contra-covid-19","status":"publish","type":"post","link":"https:\/\/maricatotal.com.br\/site\/2020\/12\/17\/supermercados-poderao-servir-como-postos-de-vacinacao-contra-covid-19\/","title":{"rendered":"Supermercados poder\u00e3o servir como postos de vacina\u00e7\u00e3o contra covid-19"},"content":{"rendered":"\n<p>O presidente da Associa\u00e7\u00e3o de Supermercados do Estado do Rio de Janeiro,&nbsp;F\u00e1bio Queir\u00f3z, e o governador em exerc\u00edcio,&nbsp;Claudio Castro, se reuniram nesta segunda-feira (14\/12) e definiram que os supermercados do Estado ser\u00e3o usados como pontos de vacina\u00e7\u00e3o contra a Covid-19.<\/p>\n\n\n\n<p>A a\u00e7\u00e3o, proposta por Queir\u00f3z, \u00e9 de que as lojas auxiliem no processo de vacina\u00e7\u00e3o cedendo seu espa\u00e7o.<\/p>\n\n\n\n<p>&#8216;<em>A gente estava junto no in\u00edcio da pandemia, onde corajosamente garantimos o abastecimento da popula\u00e7\u00e3o, e estaremos juntos no fim da pandemia no ato de vacina\u00e7\u00e3o, dentro dos supermercados. Eu agrade\u00e7o a cada supermercadista por eu poder ser um porta voz para o governo de algo t\u00e3o importante dentro da pandemia<\/em>\u201c, afirmou o presidente da ASSERJ.<\/p>\n\n\n\n<p>A Secretaria Estadual de Sa\u00fade j\u00e1&nbsp;come\u00e7ou com os procedimentos internos para a compra de 50 milh\u00f5es de unidades. Cl\u00e1udio Castro afirmou que o Rio de Janeiro j\u00e1 disp\u00f5e de um \u201cplano estadual de imuniza\u00e7\u00e3o\u201d pronto, mas ele ainda n\u00e3o foi divulgado.<\/p>\n","protected":false},"excerpt":{"rendered":"<p>O presidente da Associa\u00e7\u00e3o de Supermercados do Estado do Rio de Janeiro,&nbsp;F\u00e1bio Queir\u00f3z, e o governador em exerc\u00edcio,&nbsp;Claudio Castro, se<\/p>\n","protected":false},"author":1,"featured_media":17982,"comment_status":"open","ping_status":"open","sticky":false,"template":"","format":"standard","meta":{"colormag_page_container_layout":"default_layout","colormag_page_sidebar_layout":"default_layout","footnotes":""},"categories":[14],"tags":[],"class_list":["post-17974","post","type-post","status-publish","format-standard","has-post-thumbnail","hentry","category-bairros"],"amp_enabled":true,"_links":{"self":[{"href":"https:\/\/maricatotal.com.br\/site\/wp-json\/wp\/v2\/posts\/17974","targetHints":{"allow":["GET"]}}],"collection":[{"href":"https:\/\/maricatotal.com.br\/site\/wp-json\/wp\/v2\/posts"}],"about":[{"href":"https:\/\/maricatotal.com.br\/site\/wp-json\/wp\/v2\/types\/post"}],"author":[{"embeddable":true,"href":"https:\/\/maricatotal.com.br\/site\/wp-json\/wp\/v2\/users\/1"}],"replies":[{"embeddable":true,"href":"https:\/\/maricatotal.com.br\/site\/wp-json\/wp\/v2\/comments?post=17974"}],"version-history":[{"count":3,"href":"https:\/\/maricatotal.com.br\/site\/wp-json\/wp\/v2\/posts\/17974\/revisions"}],"predecessor-version":[{"id":17981,"href":"https:\/\/maricatotal.com.br\/site\/wp-json\/wp\/v2\/posts\/17974\/revisions\/17981"}],"wp:featuredmedia":[{"embeddable":true,"href":"https:\/\/maricatotal.com.br\/site\/wp-json\/wp\/v2\/media\/17982"}],"wp:attachment":[{"href":"https:\/\/maricatotal.com.br\/site\/wp-json\/wp\/v2\/media?parent=17974"}],"wp:term":[{"taxonomy":"category","embeddable":true,"href":"https:\/\/maricatotal.com.br\/site\/wp-json\/wp\/v2\/categories?post=17974"},{"taxonomy":"post_tag","embeddable":true,"href":"https:\/\/maricatotal.com.br\/site\/wp-json\/wp\/v2\/tags?post=17974"}],"curies":[{"name":"wp","href":"https:\/\/api.w.org\/{rel}","templated":true}]}}