{"id":18012,"date":"2020-12-17T18:11:26","date_gmt":"2020-12-17T21:11:26","guid":{"rendered":"https:\/\/maricatotal.com.br\/site\/?p=18012"},"modified":"2020-12-17T18:11:26","modified_gmt":"2020-12-17T21:11:26","slug":"familia-procura-por-homem-desaparecido-em-marica-4","status":"publish","type":"post","link":"https:\/\/maricatotal.com.br\/site\/2020\/12\/17\/familia-procura-por-homem-desaparecido-em-marica-4\/","title":{"rendered":"Fam\u00edlia procura por homem desaparecido em Maric\u00e1"},"content":{"rendered":"\n<p>Valdelino Corr\u00eaa Bueno, morador do bairro do Flamengo, est\u00e1 desaparecido a duas semanas no munic\u00edpio de Maric\u00e1.<\/p>\n\n\n\n<p>Segundo informa\u00e7\u00f5es de familiares, ele foi visto pela \u00faltima vez na Rodovi\u00e1ria, no Centro da cidade.<\/p>\n\n\n\n<p>Quem tiver informa\u00e7\u00f5es do paradeiro de Valdelino, entre em contato com o Site Maric\u00e1 Total.<\/p>\n","protected":false},"excerpt":{"rendered":"<p>Valdelino Corr\u00eaa Bueno, morador do bairro do Flamengo, est\u00e1 desaparecido a duas semanas no munic\u00edpio de Maric\u00e1. Segundo informa\u00e7\u00f5es de<\/p>\n","protected":false},"author":1,"featured_media":18013,"comment_status":"open","ping_status":"open","sticky":false,"template":"","format":"standard","meta":{"colormag_page_container_layout":"default_layout","colormag_page_sidebar_layout":"default_layout","footnotes":""},"categories":[14],"tags":[],"class_list":["post-18012","post","type-post","status-publish","format-standard","has-post-thumbnail","hentry","category-bairros"],"amp_enabled":true,"_links":{"self":[{"href":"https:\/\/maricatotal.com.br\/site\/wp-json\/wp\/v2\/posts\/18012","targetHints":{"allow":["GET"]}}],"collection":[{"href":"https:\/\/maricatotal.com.br\/site\/wp-json\/wp\/v2\/posts"}],"about":[{"href":"https:\/\/maricatotal.com.br\/site\/wp-json\/wp\/v2\/types\/post"}],"author":[{"embeddable":true,"href":"https:\/\/maricatotal.com.br\/site\/wp-json\/wp\/v2\/users\/1"}],"replies":[{"embeddable":true,"href":"https:\/\/maricatotal.com.br\/site\/wp-json\/wp\/v2\/comments?post=18012"}],"version-history":[{"count":1,"href":"https:\/\/maricatotal.com.br\/site\/wp-json\/wp\/v2\/posts\/18012\/revisions"}],"predecessor-version":[{"id":18014,"href":"https:\/\/maricatotal.com.br\/site\/wp-json\/wp\/v2\/posts\/18012\/revisions\/18014"}],"wp:featuredmedia":[{"embeddable":true,"href":"https:\/\/maricatotal.com.br\/site\/wp-json\/wp\/v2\/media\/18013"}],"wp:attachment":[{"href":"https:\/\/maricatotal.com.br\/site\/wp-json\/wp\/v2\/media?parent=18012"}],"wp:term":[{"taxonomy":"category","embeddable":true,"href":"https:\/\/maricatotal.com.br\/site\/wp-json\/wp\/v2\/categories?post=18012"},{"taxonomy":"post_tag","embeddable":true,"href":"https:\/\/maricatotal.com.br\/site\/wp-json\/wp\/v2\/tags?post=18012"}],"curies":[{"name":"wp","href":"https:\/\/api.w.org\/{rel}","templated":true}]}}