{"id":18023,"date":"2020-12-18T06:29:23","date_gmt":"2020-12-18T09:29:23","guid":{"rendered":"https:\/\/maricatotal.com.br\/site\/?p=18023"},"modified":"2020-12-18T06:29:24","modified_gmt":"2020-12-18T09:29:24","slug":"ictim-e-saude-apresentam-resultado-da-pesquisa-sobre-covid-em-marica","status":"publish","type":"post","link":"https:\/\/maricatotal.com.br\/site\/2020\/12\/18\/ictim-e-saude-apresentam-resultado-da-pesquisa-sobre-covid-em-marica\/","title":{"rendered":"Ictim e Sa\u00fade apresentam resultado da pesquisa sobre Covid em Maric\u00e1"},"content":{"rendered":"\n<p>O Instituto de Ci\u00eancia, Tecnologia e Inova\u00e7\u00e3o de Maric\u00e1 (ICTIM) e a Secretaria de Sa\u00fade do munic\u00edpio apresentaram nesta quinta-feira (17\/12) o relat\u00f3rio da segunda onda da pesquisa de amostragem da Covid-19. Nesta nova etapa do trabalho participaram 381 moradores da cidade.<\/p>\n\n\n\n<p>Segundo o virologista Am\u00edlcar Tanuri, m\u00e9dico, professor titular de gen\u00e9tica e diretor do Laborat\u00f3rio de Biologia Molecular da UFRJ, e um dos organizadores da pesquisa, nesse segundo ciclo 381 pessoas participaram do levantamento, enquanto no primeiro foram 371.<\/p>\n\n\n\n<p>\u201cO nosso estudo mostrou essa segunda onda de incid\u00eancia do novo coronav\u00edrus, que acontece do m\u00eas de outubro em diante. O primeiro estudo deu uma incid\u00eancia de 0,5% e no segundo estudo ela pulou para 4,5%, ou seja, um aumento de quase 10 vezes. Essa incid\u00eancia mostrou onde o v\u00edrus est\u00e1 circulando, est\u00e1 muito mais na regi\u00e3o de Ino\u00e3, mostrando que a circula\u00e7\u00e3o ali e em Itaipua\u00e7u \u00e9 muito intensa nesse momento\u201d, ressaltou.<\/p>\n\n\n\n<p>O virologista destacou que a maioria dos par\u00e2metros continua sem altera\u00e7\u00f5es. \u201cN\u00f3s tivemos 8% dos indiv\u00edduos no primeiro estudo com anticorpos e no segundo ainda 8%, mas nossa previs\u00e3o \u00e9 que isso aumente no terceiro ciclo, porque todo mundo que se contaminou no segundo criar\u00e1 anticorpos no terceiro. Iremos acompanhar isso, pois iremos continuar os estudos\u201d, afirmou.<\/p>\n\n\n\n<p>A pesquisa foi realizada por agentes da Estrat\u00e9gia de Sa\u00fade da Fam\u00edlia (ESF), que percorreram resid\u00eancias escolhidas de forma aleat\u00f3ria,&nbsp;para coletar amostras e realizar o exame RT-PCR (Swab) e sorologia para a doen\u00e7a. Segundo Tanuri, a contamina\u00e7\u00e3o vem se expandindo de Ino\u00e3 em dire\u00e7\u00e3o ao Centro de Maric\u00e1, e os infectados no segundo ciclo apresentaram mais sintomas, em compara\u00e7\u00e3o com o primeiro.<\/p>\n\n\n\n<p>\u201cFebre, tosse e coriza foram sintomas marcantes do segundo ciclo. No primeiro, os pacientes tinham dor de garganta, febre, por\u00e9m com menos intensidade. Nesse segundo ciclo, observamos, tamb\u00e9m, que o v\u00edrus contaminou mais pessoas de menor escolaridade\u201d, comentou.<\/p>\n\n\n\n<p>Michelle Ferreira, coordenadora da Vigil\u00e2ncia em Sa\u00fade de Maric\u00e1, ressaltou que a rede de Aten\u00e7\u00e3o B\u00e1sica faz a busca do usu\u00e1rio positivo e dos seus contactantes \u2013 pessoas que tiveram contato com os infeccionados \u2013 para seguir a ideia real da Secretaria de Sa\u00fade, que \u00e9 frear o v\u00edrus.<\/p>\n\n\n\n<p>\u201cO resultado desses testes vai servir para mapearmos como o v\u00edrus est\u00e1 se comportando hoje na cidade. Depois de novembro, tivemos um aumento de casos, depois de um patamar de certa tranquilidade, em estabilidade, mas hoje \u2014 assim como em todo o estado do Rio de Janeiro \u2014 n\u00f3s notamos um aumento, o que est\u00e1 refletido na segunda onda da pesquisa do ICTIM junto ao professor Tanuri\u201d, afirmou Michelle.<\/p>\n\n\n\n<p>Carlos Senna, chefe de gabinete da presid\u00eancia do Instituto de Ci\u00eancia, Tecnologia e Inova\u00e7\u00e3o de Maric\u00e1 (ICTIM), ressaltou que no in\u00edcio de 2021 ser\u00e3o feitas duas novas etapas da pesquisa no munic\u00edpio para acompanhar a evolu\u00e7\u00e3o da incid\u00eancia do novo coronav\u00edrus.<\/p>\n\n\n\n<p>\u201cTrabalharemos por mais alguns meses nesse estudo, a ideia \u00e9 realiz\u00e1-lo mensalmente, fazendo com que a Secretaria de Sa\u00fade tenha condi\u00e7\u00f5es de fazer esse mapeamento e tomar as medidas necess\u00e1rias para conter o avan\u00e7o do v\u00edrus dentro da cidade\u201d, finalizou.<\/p>\n","protected":false},"excerpt":{"rendered":"<p>O Instituto de Ci\u00eancia, Tecnologia e Inova\u00e7\u00e3o de Maric\u00e1 (ICTIM) e a Secretaria de Sa\u00fade do munic\u00edpio apresentaram nesta quinta-feira<\/p>\n","protected":false},"author":1,"featured_media":18024,"comment_status":"open","ping_status":"open","sticky":false,"template":"","format":"standard","meta":{"colormag_page_container_layout":"default_layout","colormag_page_sidebar_layout":"default_layout","footnotes":""},"categories":[18],"tags":[],"class_list":["post-18023","post","type-post","status-publish","format-standard","has-post-thumbnail","hentry","category-entretenimento"],"amp_enabled":true,"_links":{"self":[{"href":"https:\/\/maricatotal.com.br\/site\/wp-json\/wp\/v2\/posts\/18023","targetHints":{"allow":["GET"]}}],"collection":[{"href":"https:\/\/maricatotal.com.br\/site\/wp-json\/wp\/v2\/posts"}],"about":[{"href":"https:\/\/maricatotal.com.br\/site\/wp-json\/wp\/v2\/types\/post"}],"author":[{"embeddable":true,"href":"https:\/\/maricatotal.com.br\/site\/wp-json\/wp\/v2\/users\/1"}],"replies":[{"embeddable":true,"href":"https:\/\/maricatotal.com.br\/site\/wp-json\/wp\/v2\/comments?post=18023"}],"version-history":[{"count":1,"href":"https:\/\/maricatotal.com.br\/site\/wp-json\/wp\/v2\/posts\/18023\/revisions"}],"predecessor-version":[{"id":18025,"href":"https:\/\/maricatotal.com.br\/site\/wp-json\/wp\/v2\/posts\/18023\/revisions\/18025"}],"wp:featuredmedia":[{"embeddable":true,"href":"https:\/\/maricatotal.com.br\/site\/wp-json\/wp\/v2\/media\/18024"}],"wp:attachment":[{"href":"https:\/\/maricatotal.com.br\/site\/wp-json\/wp\/v2\/media?parent=18023"}],"wp:term":[{"taxonomy":"category","embeddable":true,"href":"https:\/\/maricatotal.com.br\/site\/wp-json\/wp\/v2\/categories?post=18023"},{"taxonomy":"post_tag","embeddable":true,"href":"https:\/\/maricatotal.com.br\/site\/wp-json\/wp\/v2\/tags?post=18023"}],"curies":[{"name":"wp","href":"https:\/\/api.w.org\/{rel}","templated":true}]}}