{"id":18270,"date":"2020-12-24T09:34:21","date_gmt":"2020-12-24T12:34:21","guid":{"rendered":"https:\/\/maricatotal.com.br\/site\/?p=18270"},"modified":"2020-12-24T09:34:22","modified_gmt":"2020-12-24T12:34:22","slug":"prefeitura-proibe-festas-natalinas-e-de-reveillon-que-tenham-mais-de-20-pessoas-em-marica","status":"publish","type":"post","link":"https:\/\/maricatotal.com.br\/site\/2020\/12\/24\/prefeitura-proibe-festas-natalinas-e-de-reveillon-que-tenham-mais-de-20-pessoas-em-marica\/","title":{"rendered":"Prefeitura pro\u00edbe festas natalinas e de r\u00e9veillon que tenham mais de 20 pessoas em Maric\u00e1"},"content":{"rendered":"\n<p>Foi proibido pela Prefeitura de Maric\u00e1, festas de fim de ano que tenham mais de vinte pessoas por conta do aumento de casos de coronav\u00edrus na cidade. A proibi\u00e7\u00e3o foi publicada no jornal oficial do munic\u00edpio nesta quarta-feira, 23.<\/p>\n\n\n\n<p>O decreto pro\u00edbe festas de natal e r\u00e9veillon abertos ou n\u00e3o abertos que possam gerar aglomera\u00e7\u00f5es. A medida \u00e9 para ajudar na diminui\u00e7\u00e3o da dissemina\u00e7\u00e3o do v\u00edrus, como tamb\u00e9m na redu\u00e7\u00e3o do risco de cont\u00e1gio.<\/p>\n\n\n\n<p>As festas de fim de ano ter\u00e3o que ter menos de vinte pessoas, com ventila\u00e7\u00e3o natural, distanciamento social dos indiv\u00edduos, al\u00e9m de disponibilidade de \u00e1lcool em gel e aferi\u00e7\u00e3o de temperatura na porta do evento.<\/p>\n\n\n\n<p>As den\u00fancias seguem sendo analisadas pela Secretaria de Ordem P\u00fablica (SEOP) que aumentar\u00e1 a fiscaliza\u00e7\u00e3o. <\/p>\n","protected":false},"excerpt":{"rendered":"<p>Foi proibido pela Prefeitura de Maric\u00e1, festas de fim de ano que tenham mais de vinte pessoas por conta do<\/p>\n","protected":false},"author":1,"featured_media":18271,"comment_status":"open","ping_status":"open","sticky":false,"template":"","format":"standard","meta":{"colormag_page_container_layout":"default_layout","colormag_page_sidebar_layout":"default_layout","footnotes":""},"categories":[14],"tags":[],"class_list":["post-18270","post","type-post","status-publish","format-standard","has-post-thumbnail","hentry","category-bairros"],"amp_enabled":true,"_links":{"self":[{"href":"https:\/\/maricatotal.com.br\/site\/wp-json\/wp\/v2\/posts\/18270","targetHints":{"allow":["GET"]}}],"collection":[{"href":"https:\/\/maricatotal.com.br\/site\/wp-json\/wp\/v2\/posts"}],"about":[{"href":"https:\/\/maricatotal.com.br\/site\/wp-json\/wp\/v2\/types\/post"}],"author":[{"embeddable":true,"href":"https:\/\/maricatotal.com.br\/site\/wp-json\/wp\/v2\/users\/1"}],"replies":[{"embeddable":true,"href":"https:\/\/maricatotal.com.br\/site\/wp-json\/wp\/v2\/comments?post=18270"}],"version-history":[{"count":1,"href":"https:\/\/maricatotal.com.br\/site\/wp-json\/wp\/v2\/posts\/18270\/revisions"}],"predecessor-version":[{"id":18272,"href":"https:\/\/maricatotal.com.br\/site\/wp-json\/wp\/v2\/posts\/18270\/revisions\/18272"}],"wp:featuredmedia":[{"embeddable":true,"href":"https:\/\/maricatotal.com.br\/site\/wp-json\/wp\/v2\/media\/18271"}],"wp:attachment":[{"href":"https:\/\/maricatotal.com.br\/site\/wp-json\/wp\/v2\/media?parent=18270"}],"wp:term":[{"taxonomy":"category","embeddable":true,"href":"https:\/\/maricatotal.com.br\/site\/wp-json\/wp\/v2\/categories?post=18270"},{"taxonomy":"post_tag","embeddable":true,"href":"https:\/\/maricatotal.com.br\/site\/wp-json\/wp\/v2\/tags?post=18270"}],"curies":[{"name":"wp","href":"https:\/\/api.w.org\/{rel}","templated":true}]}}