{"id":18280,"date":"2020-12-24T17:56:33","date_gmt":"2020-12-24T20:56:33","guid":{"rendered":"https:\/\/maricatotal.com.br\/site\/?p=18280"},"modified":"2020-12-24T17:59:47","modified_gmt":"2020-12-24T20:59:47","slug":"hospital-e-clinicas-sao-goncalo-pega-fogo-e-deixa-uma-pessoa-morta-e-varias-feridas","status":"publish","type":"post","link":"https:\/\/maricatotal.com.br\/site\/2020\/12\/24\/hospital-e-clinicas-sao-goncalo-pega-fogo-e-deixa-uma-pessoa-morta-e-varias-feridas\/","title":{"rendered":"Hospital e Cl\u00ednicas S\u00e3o Gon\u00e7alo pega fogo e deixa uma pessoa morta e v\u00e1rias feridas"},"content":{"rendered":"\n<p>O Hospital e Cl\u00ednica S\u00e3o Gon\u00e7alo pegou fogo, deixando uma pessoa morta, na tarde desta quinta-feira (24), v\u00e9spera de Natal.&nbsp;<\/p>\n\n\n\n<p>Segundo informa\u00e7\u00f5es, diversas pessoas ficaram feridas no inc\u00eandio, localizado na\u00a0Rua Coronel Moreira C\u00e9sar. O Corpo de Bombeiros foi acionado e combateu as chamas.<\/p>\n\n\n\n<p>Em v\u00eddeos que circulam pela internet \u00e9 poss\u00edvel ver pacientes sendo transferidos por profissionais da Sa\u00fade. Em outro v\u00eddeo, pessoas que passam pelo local contam que o calor pode ser sentido da rua e os vidros da unidade quebraram por conta do inc\u00eandio.<br><br>A assessoria do hospital informou que h\u00e1 tr\u00eas feridos no local, por\u00e9m n\u00e3o foi informado o estado de sa\u00fade deles. Todos foram transferidos para outras alas do hospital. N\u00e3o houve necessidade de transfer\u00eancia para outra unidade.<\/p>\n","protected":false},"excerpt":{"rendered":"<p>O Hospital e Cl\u00ednica S\u00e3o Gon\u00e7alo pegou fogo, deixando uma pessoa morta, na tarde desta quinta-feira (24), v\u00e9spera de Natal.&nbsp;<\/p>\n","protected":false},"author":1,"featured_media":18281,"comment_status":"open","ping_status":"open","sticky":false,"template":"","format":"standard","meta":{"colormag_page_container_layout":"default_layout","colormag_page_sidebar_layout":"default_layout","footnotes":""},"categories":[14],"tags":[],"class_list":["post-18280","post","type-post","status-publish","format-standard","has-post-thumbnail","hentry","category-bairros"],"amp_enabled":true,"_links":{"self":[{"href":"https:\/\/maricatotal.com.br\/site\/wp-json\/wp\/v2\/posts\/18280","targetHints":{"allow":["GET"]}}],"collection":[{"href":"https:\/\/maricatotal.com.br\/site\/wp-json\/wp\/v2\/posts"}],"about":[{"href":"https:\/\/maricatotal.com.br\/site\/wp-json\/wp\/v2\/types\/post"}],"author":[{"embeddable":true,"href":"https:\/\/maricatotal.com.br\/site\/wp-json\/wp\/v2\/users\/1"}],"replies":[{"embeddable":true,"href":"https:\/\/maricatotal.com.br\/site\/wp-json\/wp\/v2\/comments?post=18280"}],"version-history":[{"count":3,"href":"https:\/\/maricatotal.com.br\/site\/wp-json\/wp\/v2\/posts\/18280\/revisions"}],"predecessor-version":[{"id":18285,"href":"https:\/\/maricatotal.com.br\/site\/wp-json\/wp\/v2\/posts\/18280\/revisions\/18285"}],"wp:featuredmedia":[{"embeddable":true,"href":"https:\/\/maricatotal.com.br\/site\/wp-json\/wp\/v2\/media\/18281"}],"wp:attachment":[{"href":"https:\/\/maricatotal.com.br\/site\/wp-json\/wp\/v2\/media?parent=18280"}],"wp:term":[{"taxonomy":"category","embeddable":true,"href":"https:\/\/maricatotal.com.br\/site\/wp-json\/wp\/v2\/categories?post=18280"},{"taxonomy":"post_tag","embeddable":true,"href":"https:\/\/maricatotal.com.br\/site\/wp-json\/wp\/v2\/tags?post=18280"}],"curies":[{"name":"wp","href":"https:\/\/api.w.org\/{rel}","templated":true}]}}