{"id":18455,"date":"2020-12-31T08:53:57","date_gmt":"2020-12-31T11:53:57","guid":{"rendered":"https:\/\/maricatotal.com.br\/site\/?p=18455"},"modified":"2021-02-02T09:48:44","modified_gmt":"2021-02-02T12:48:44","slug":"ex-presidente-da-oab-de-marica-morre-vitima-da-covid-19","status":"publish","type":"post","link":"https:\/\/maricatotal.com.br\/site\/2020\/12\/31\/ex-presidente-da-oab-de-marica-morre-vitima-da-covid-19\/","title":{"rendered":"Ex-presidente da OAB de Maric\u00e1 morre v\u00edtima da Covid-19"},"content":{"rendered":"\n<p>Amilar Jos\u00e9 Dutra da Silva, ex-presidente da Ordem dos Advogados do Brasil (OAB) de Maric\u00e1, morreu v\u00edtima da Covid-19 nesta quinta-feira (31).<\/p>\n\n\n\n<p>Amilar estava internado e devido a complica\u00e7\u00f5es da doen\u00e7a foi a \u00f3bito nesta manh\u00e3.<\/p>\n\n\n\n<p>O hor\u00e1rio do sepultamento ainda n\u00e3o foi divulgado.&nbsp;<\/p>\n","protected":false},"excerpt":{"rendered":"<p>Amilar Jos\u00e9 Dutra da Silva, ex-presidente da Ordem dos Advogados do Brasil (OAB) de Maric\u00e1, morreu v\u00edtima da Covid-19 nesta<\/p>\n","protected":false},"author":1,"featured_media":18456,"comment_status":"open","ping_status":"open","sticky":false,"template":"","format":"standard","meta":{"colormag_page_container_layout":"default_layout","colormag_page_sidebar_layout":"default_layout","footnotes":""},"categories":[17],"tags":[],"class_list":["post-18455","post","type-post","status-publish","format-standard","has-post-thumbnail","hentry","category-politica"],"amp_enabled":true,"_links":{"self":[{"href":"https:\/\/maricatotal.com.br\/site\/wp-json\/wp\/v2\/posts\/18455","targetHints":{"allow":["GET"]}}],"collection":[{"href":"https:\/\/maricatotal.com.br\/site\/wp-json\/wp\/v2\/posts"}],"about":[{"href":"https:\/\/maricatotal.com.br\/site\/wp-json\/wp\/v2\/types\/post"}],"author":[{"embeddable":true,"href":"https:\/\/maricatotal.com.br\/site\/wp-json\/wp\/v2\/users\/1"}],"replies":[{"embeddable":true,"href":"https:\/\/maricatotal.com.br\/site\/wp-json\/wp\/v2\/comments?post=18455"}],"version-history":[{"count":4,"href":"https:\/\/maricatotal.com.br\/site\/wp-json\/wp\/v2\/posts\/18455\/revisions"}],"predecessor-version":[{"id":18460,"href":"https:\/\/maricatotal.com.br\/site\/wp-json\/wp\/v2\/posts\/18455\/revisions\/18460"}],"wp:featuredmedia":[{"embeddable":true,"href":"https:\/\/maricatotal.com.br\/site\/wp-json\/wp\/v2\/media\/18456"}],"wp:attachment":[{"href":"https:\/\/maricatotal.com.br\/site\/wp-json\/wp\/v2\/media?parent=18455"}],"wp:term":[{"taxonomy":"category","embeddable":true,"href":"https:\/\/maricatotal.com.br\/site\/wp-json\/wp\/v2\/categories?post=18455"},{"taxonomy":"post_tag","embeddable":true,"href":"https:\/\/maricatotal.com.br\/site\/wp-json\/wp\/v2\/tags?post=18455"}],"curies":[{"name":"wp","href":"https:\/\/api.w.org\/{rel}","templated":true}]}}