{"id":18468,"date":"2020-12-31T19:51:42","date_gmt":"2020-12-31T22:51:42","guid":{"rendered":"https:\/\/maricatotal.com.br\/site\/?p=18468"},"modified":"2021-02-02T09:44:10","modified_gmt":"2021-02-02T12:44:10","slug":"arvores-caem-apos-forte-temporal-no-ultimo-dia-do-ano-em-marica","status":"publish","type":"post","link":"https:\/\/maricatotal.com.br\/site\/2020\/12\/31\/arvores-caem-apos-forte-temporal-no-ultimo-dia-do-ano-em-marica\/","title":{"rendered":"\u00c1rvores caem ap\u00f3s forte temporal no \u00faltimo dia do ano em Maric\u00e1"},"content":{"rendered":"\n<p>O \u00faltimo dia do ano foi marcado por um forte temporal em Maric\u00e1. Durante a tarde, uma forte chuva com rajadas de vento e trovoadas assolou a cidade e deixou alguns rastros como duas \u00e1rvores que  ca\u00edram no Flamengo.<\/p>\n\n\n\n<p>Uma \u00e1rvore caiu na altura da rua em frente a Arena Flamengo e a outra pr\u00f3xima ao Col\u00e9gio Dom\u00edcio da Gama. Em raz\u00e3o disso, o tr\u00e2nsito nos dois locais ficou interditado.<\/p>\n\n\n\n<p>Equipes da Enel estiveram nas ruas realizando os procedimentos de reparo. Equipes da prefeitura auxiliaram na remo\u00e7\u00e3o das estruturas que haviam ca\u00eddo.<\/p>\n\n\n\n<p>Diversos bairros ficaram sem luz ap\u00f3s o temporal.<\/p>\n\n\n\n<figure class=\"wp-block-image size-large\"><img loading=\"lazy\" decoding=\"async\" width=\"1024\" height=\"768\" src=\"https:\/\/maricatotal.com.br\/site\/wp-content\/uploads\/2020\/12\/eZy_watermark_31-12-2020_07-47-29-1024x768.jpg\" alt=\"\" class=\"wp-image-18471\" srcset=\"https:\/\/maricatotal.com.br\/site\/wp-content\/uploads\/2020\/12\/eZy_watermark_31-12-2020_07-47-29-1024x768.jpg 1024w, https:\/\/maricatotal.com.br\/site\/wp-content\/uploads\/2020\/12\/eZy_watermark_31-12-2020_07-47-29-300x225.jpg 300w, https:\/\/maricatotal.com.br\/site\/wp-content\/uploads\/2020\/12\/eZy_watermark_31-12-2020_07-47-29-768x576.jpg 768w, https:\/\/maricatotal.com.br\/site\/wp-content\/uploads\/2020\/12\/eZy_watermark_31-12-2020_07-47-29.jpg 1280w\" sizes=\"auto, (max-width: 1024px) 100vw, 1024px\" \/><\/figure>\n","protected":false},"excerpt":{"rendered":"<p>O \u00faltimo dia do ano foi marcado por um forte temporal em Maric\u00e1. Durante a tarde, uma forte chuva com<\/p>\n","protected":false},"author":1,"featured_media":18470,"comment_status":"open","ping_status":"open","sticky":false,"template":"","format":"standard","meta":{"colormag_page_container_layout":"default_layout","colormag_page_sidebar_layout":"default_layout","footnotes":""},"categories":[14],"tags":[],"class_list":["post-18468","post","type-post","status-publish","format-standard","has-post-thumbnail","hentry","category-bairros"],"amp_enabled":true,"_links":{"self":[{"href":"https:\/\/maricatotal.com.br\/site\/wp-json\/wp\/v2\/posts\/18468","targetHints":{"allow":["GET"]}}],"collection":[{"href":"https:\/\/maricatotal.com.br\/site\/wp-json\/wp\/v2\/posts"}],"about":[{"href":"https:\/\/maricatotal.com.br\/site\/wp-json\/wp\/v2\/types\/post"}],"author":[{"embeddable":true,"href":"https:\/\/maricatotal.com.br\/site\/wp-json\/wp\/v2\/users\/1"}],"replies":[{"embeddable":true,"href":"https:\/\/maricatotal.com.br\/site\/wp-json\/wp\/v2\/comments?post=18468"}],"version-history":[{"count":5,"href":"https:\/\/maricatotal.com.br\/site\/wp-json\/wp\/v2\/posts\/18468\/revisions"}],"predecessor-version":[{"id":18475,"href":"https:\/\/maricatotal.com.br\/site\/wp-json\/wp\/v2\/posts\/18468\/revisions\/18475"}],"wp:featuredmedia":[{"embeddable":true,"href":"https:\/\/maricatotal.com.br\/site\/wp-json\/wp\/v2\/media\/18470"}],"wp:attachment":[{"href":"https:\/\/maricatotal.com.br\/site\/wp-json\/wp\/v2\/media?parent=18468"}],"wp:term":[{"taxonomy":"category","embeddable":true,"href":"https:\/\/maricatotal.com.br\/site\/wp-json\/wp\/v2\/categories?post=18468"},{"taxonomy":"post_tag","embeddable":true,"href":"https:\/\/maricatotal.com.br\/site\/wp-json\/wp\/v2\/tags?post=18468"}],"curies":[{"name":"wp","href":"https:\/\/api.w.org\/{rel}","templated":true}]}}