{"id":18492,"date":"2021-01-02T13:24:23","date_gmt":"2021-01-02T16:24:23","guid":{"rendered":"https:\/\/maricatotal.com.br\/site\/?p=18492"},"modified":"2021-02-02T09:44:30","modified_gmt":"2021-02-02T12:44:30","slug":"fabiano-horta-e-diego-zeidan-tomam-posse-em-cerimonia-virtual","status":"publish","type":"post","link":"https:\/\/maricatotal.com.br\/site\/2021\/01\/02\/fabiano-horta-e-diego-zeidan-tomam-posse-em-cerimonia-virtual\/","title":{"rendered":"Fabiano Horta e Diego Zeidan tomam posse em cerim\u00f4nia virtual"},"content":{"rendered":"\n<p>O prefeito Fabiano Horta, o vice-prefeito Diego Zeidan e os vereadores eleitos tomaram posse na manh\u00e3 desta sexta-feira (01\/01\/2021). Em respeito \u00e0s regras de distanciamento social no combate \u00e0 pandemia do novo coronav\u00edrus, a solenidade aconteceu por videoconfer\u00eancia e foi transmitida online pelas redes oficiais da Prefeitura e da C\u00e2mara Municipal. Coube ao vereador, e presidente reeleito da Casa, Aldair de Linda, conduzir os trabalhos.<\/p>\n\n\n\n<p>Depois de prestar o juramento de posse, Fabiano Horta definiu entre as metas de sua nova gest\u00e3o \u00e0 frente da Prefeitura de Maric\u00e1 est\u00e3o a amplia\u00e7\u00e3o da rede de \u00e1gua e esgoto no munic\u00edpio, o avan\u00e7o na urbaniza\u00e7\u00e3o, ampliar as redes de educa\u00e7\u00e3o, sa\u00fade e assist\u00eancia social, al\u00e9m do enfrentamento da pandemia da Covid-19, na cidade.<\/p>\n\n\n\n<p>\u201cA \u00e1gua e o esgoto ser\u00e3o, para n\u00f3s, um objetivo central e \u00e9 o desafio maior que eu estabeleci nessa segunda etapa de governo. Concluir o in\u00edcio objetivo de um ciclo que traga essa garantia para Maric\u00e1.\u201d, afirmou.<\/p>\n\n\n\n<p>Ainda durante o seu discurso, Fabiano Horta reafirmou o compromisso de colocar o munic\u00edpio como ente indutor e regulador da atra\u00e7\u00e3o das atividades produtivas de economia solid\u00e1ria para Maric\u00e1.<\/p>\n\n\n\n<p>\u201cQueremos uma cidade que formalize e que traga a capacidade da reindustrializa\u00e7\u00e3o, das pontas tecnol\u00f3gicas e das empresas que aqui podem se instalar. Temos caminhado e vamos acelerar muito a caminhada de um munic\u00edpio que tenha nas atividades produtivas geradoras de trabalho, emprego, renda, qualifica\u00e7\u00e3o, pesquisa e, acima de tudo, a coloca\u00e7\u00e3o do ser humano e da forma\u00e7\u00e3o humana como objetivo central do nosso segundo governo\u201d, disse.<\/p>\n\n\n\n<p>Fabiano Horta fez um apelo para que a popula\u00e7\u00e3o compreenda esse momento de cuidado no enfrentamento da pandemia do novo coronav\u00edrus, principalmente nos primeiros dias de janeiro, quando a cidade recebe v\u00e1rios turistas, para que as pessoas entendam a import\u00e2ncia da manuten\u00e7\u00e3o dos cuidados at\u00e9 que a vida possa voltar ao normal.<\/p>\n\n\n\n<p>\u201cEsse \u00e9 um desafio do Executivo Municipal, \u00e9 sem d\u00favida nenhuma um desafio do Legislativo para que consigamos transpor esse tempo, que tenhamos um 2021 de muita alegria, muito sucesso e que Maric\u00e1 continue se afirmando como uma cidade igualit\u00e1ria e que inclui as pessoas\u201d, afirmou.<\/p>\n\n\n\n<p>O vice-prefeito Diego Zeidan comentou sobre o desafio de construir um novo ciclo econ\u00f4mico p\u00f3s-royalties. \u201cQue possamos com todo o nosso povo, com a capacidade de nossa popula\u00e7\u00e3o de construir meios econ\u00f4micos para que a nossa cidade continue crescendo. Vai ser um desafio. Queremos contar com mais participa\u00e7\u00e3o popular no governo e construir ferramentas em que povo possa opinar e participar diariamente\u201d, concluiu.<\/p>\n","protected":false},"excerpt":{"rendered":"<p>O prefeito Fabiano Horta, o vice-prefeito Diego Zeidan e os vereadores eleitos tomaram posse na manh\u00e3 desta sexta-feira (01\/01\/2021). Em<\/p>\n","protected":false},"author":1,"featured_media":18493,"comment_status":"open","ping_status":"open","sticky":false,"template":"","format":"standard","meta":{"colormag_page_container_layout":"default_layout","colormag_page_sidebar_layout":"default_layout","footnotes":""},"categories":[14],"tags":[],"class_list":["post-18492","post","type-post","status-publish","format-standard","has-post-thumbnail","hentry","category-bairros"],"amp_enabled":true,"_links":{"self":[{"href":"https:\/\/maricatotal.com.br\/site\/wp-json\/wp\/v2\/posts\/18492","targetHints":{"allow":["GET"]}}],"collection":[{"href":"https:\/\/maricatotal.com.br\/site\/wp-json\/wp\/v2\/posts"}],"about":[{"href":"https:\/\/maricatotal.com.br\/site\/wp-json\/wp\/v2\/types\/post"}],"author":[{"embeddable":true,"href":"https:\/\/maricatotal.com.br\/site\/wp-json\/wp\/v2\/users\/1"}],"replies":[{"embeddable":true,"href":"https:\/\/maricatotal.com.br\/site\/wp-json\/wp\/v2\/comments?post=18492"}],"version-history":[{"count":1,"href":"https:\/\/maricatotal.com.br\/site\/wp-json\/wp\/v2\/posts\/18492\/revisions"}],"predecessor-version":[{"id":18494,"href":"https:\/\/maricatotal.com.br\/site\/wp-json\/wp\/v2\/posts\/18492\/revisions\/18494"}],"wp:featuredmedia":[{"embeddable":true,"href":"https:\/\/maricatotal.com.br\/site\/wp-json\/wp\/v2\/media\/18493"}],"wp:attachment":[{"href":"https:\/\/maricatotal.com.br\/site\/wp-json\/wp\/v2\/media?parent=18492"}],"wp:term":[{"taxonomy":"category","embeddable":true,"href":"https:\/\/maricatotal.com.br\/site\/wp-json\/wp\/v2\/categories?post=18492"},{"taxonomy":"post_tag","embeddable":true,"href":"https:\/\/maricatotal.com.br\/site\/wp-json\/wp\/v2\/tags?post=18492"}],"curies":[{"name":"wp","href":"https:\/\/api.w.org\/{rel}","templated":true}]}}