{"id":18499,"date":"2021-01-02T14:22:54","date_gmt":"2021-01-02T17:22:54","guid":{"rendered":"https:\/\/maricatotal.com.br\/site\/?p=18499"},"modified":"2021-02-02T09:44:38","modified_gmt":"2021-02-02T12:44:38","slug":"morador-de-marica-fica-gravemente-ferido-em-acidente-na-serra-do-mato-grosso","status":"publish","type":"post","link":"https:\/\/maricatotal.com.br\/site\/2021\/01\/02\/morador-de-marica-fica-gravemente-ferido-em-acidente-na-serra-do-mato-grosso\/","title":{"rendered":"Morador de Maric\u00e1 fica gravemente ferido em acidente na Serra do Mato Grosso"},"content":{"rendered":"\n<p>Um morador de Maric\u00e1 ficou ferido em um grave acidente neste s\u00e1bado, 2, na Serra do Mato Grosso, divisa de Saquarema e Maric\u00e1.<\/p>\n\n\n\n<p>O acidente aconteceu pr\u00f3ximo ao Pamonha da Serra. Segundo informa\u00e7\u00f5es preliminares, o acidente envolvendo um carro e uma moto deixou um morador de Maric\u00e1 ferido. <\/p>\n\n\n\n<p>A v\u00edtima identificada como Altair Ferreira da Silva, \u00e9 morador de Ino\u00e3 e trabalha no Servi\u00e7o de Atendimento M\u00e9dico de Urg\u00eancia (SAMU) de Maric\u00e1.<\/p>\n\n\n\n<p>Altair foi levado para o Hospital Alberto Torres, onde passa por cirurgias.<\/p>\n","protected":false},"excerpt":{"rendered":"<p>Um morador de Maric\u00e1 ficou ferido em um grave acidente neste s\u00e1bado, 2, na Serra do Mato Grosso, divisa de<\/p>\n","protected":false},"author":1,"featured_media":18501,"comment_status":"open","ping_status":"open","sticky":false,"template":"","format":"standard","meta":{"colormag_page_container_layout":"default_layout","colormag_page_sidebar_layout":"default_layout","footnotes":""},"categories":[1],"tags":[],"class_list":["post-18499","post","type-post","status-publish","format-standard","has-post-thumbnail","hentry","category-noticias"],"amp_enabled":true,"_links":{"self":[{"href":"https:\/\/maricatotal.com.br\/site\/wp-json\/wp\/v2\/posts\/18499","targetHints":{"allow":["GET"]}}],"collection":[{"href":"https:\/\/maricatotal.com.br\/site\/wp-json\/wp\/v2\/posts"}],"about":[{"href":"https:\/\/maricatotal.com.br\/site\/wp-json\/wp\/v2\/types\/post"}],"author":[{"embeddable":true,"href":"https:\/\/maricatotal.com.br\/site\/wp-json\/wp\/v2\/users\/1"}],"replies":[{"embeddable":true,"href":"https:\/\/maricatotal.com.br\/site\/wp-json\/wp\/v2\/comments?post=18499"}],"version-history":[{"count":2,"href":"https:\/\/maricatotal.com.br\/site\/wp-json\/wp\/v2\/posts\/18499\/revisions"}],"predecessor-version":[{"id":18503,"href":"https:\/\/maricatotal.com.br\/site\/wp-json\/wp\/v2\/posts\/18499\/revisions\/18503"}],"wp:featuredmedia":[{"embeddable":true,"href":"https:\/\/maricatotal.com.br\/site\/wp-json\/wp\/v2\/media\/18501"}],"wp:attachment":[{"href":"https:\/\/maricatotal.com.br\/site\/wp-json\/wp\/v2\/media?parent=18499"}],"wp:term":[{"taxonomy":"category","embeddable":true,"href":"https:\/\/maricatotal.com.br\/site\/wp-json\/wp\/v2\/categories?post=18499"},{"taxonomy":"post_tag","embeddable":true,"href":"https:\/\/maricatotal.com.br\/site\/wp-json\/wp\/v2\/tags?post=18499"}],"curies":[{"name":"wp","href":"https:\/\/api.w.org\/{rel}","templated":true}]}}