{"id":18508,"date":"2021-01-02T15:52:03","date_gmt":"2021-01-02T18:52:03","guid":{"rendered":"https:\/\/maricatotal.com.br\/site\/?p=18508"},"modified":"2021-02-02T09:46:01","modified_gmt":"2021-02-02T12:46:01","slug":"morador-registra-nuvem-em-forma-de-tornado-em-ponta-negra","status":"publish","type":"post","link":"https:\/\/maricatotal.com.br\/site\/2021\/01\/02\/morador-registra-nuvem-em-forma-de-tornado-em-ponta-negra\/","title":{"rendered":"Morador registra nuvem em forma de tornado em Ponta Negra"},"content":{"rendered":"\n<p>Uma nuvem em forma de tornado foi registrada por um morador no bairro de Ponta Negra, em Maric\u00e1, na \u00faltima quinta-feira (31), v\u00e9spera de ano novo. <\/p>\n\n\n\n<p>O distrito sofreu com ventos fortes durante todo o fim de tarde, onde \u00e1rvores e postes ca\u00edram, deixando v\u00e1rios pontos sem luz. No Centro, \u00e1rvores ca\u00edram e fecharam v\u00e1rias ruas. <\/p>\n\n\n\n<p>Segundo especialistas, esse tipo de fen\u00f4meno meteorol\u00f3gico se manifesta como uma coluna de ar que gira em forma violenta e potencialmente perigosa se estiver em contato com a superf\u00edcie da terra.<\/p>\n\n\n\n<p>O munic\u00edpio de Maric\u00e1 entrou em est\u00e1gio de alerta por conta das chuvas novamente neste s\u00e1bado (02). Caso necessite, entre em contato com o Corpo de Bombeiros pelo n\u00famero 193 e com a Defesa Civil no n\u00famero 199.<\/p>\n","protected":false},"excerpt":{"rendered":"<p>Uma nuvem em forma de tornado foi registrada por um morador no bairro de Ponta Negra, em Maric\u00e1, na \u00faltima<\/p>\n","protected":false},"author":1,"featured_media":18509,"comment_status":"open","ping_status":"open","sticky":false,"template":"","format":"standard","meta":{"colormag_page_container_layout":"default_layout","colormag_page_sidebar_layout":"default_layout","footnotes":""},"categories":[14],"tags":[],"class_list":["post-18508","post","type-post","status-publish","format-standard","has-post-thumbnail","hentry","category-bairros"],"amp_enabled":true,"_links":{"self":[{"href":"https:\/\/maricatotal.com.br\/site\/wp-json\/wp\/v2\/posts\/18508","targetHints":{"allow":["GET"]}}],"collection":[{"href":"https:\/\/maricatotal.com.br\/site\/wp-json\/wp\/v2\/posts"}],"about":[{"href":"https:\/\/maricatotal.com.br\/site\/wp-json\/wp\/v2\/types\/post"}],"author":[{"embeddable":true,"href":"https:\/\/maricatotal.com.br\/site\/wp-json\/wp\/v2\/users\/1"}],"replies":[{"embeddable":true,"href":"https:\/\/maricatotal.com.br\/site\/wp-json\/wp\/v2\/comments?post=18508"}],"version-history":[{"count":2,"href":"https:\/\/maricatotal.com.br\/site\/wp-json\/wp\/v2\/posts\/18508\/revisions"}],"predecessor-version":[{"id":18512,"href":"https:\/\/maricatotal.com.br\/site\/wp-json\/wp\/v2\/posts\/18508\/revisions\/18512"}],"wp:featuredmedia":[{"embeddable":true,"href":"https:\/\/maricatotal.com.br\/site\/wp-json\/wp\/v2\/media\/18509"}],"wp:attachment":[{"href":"https:\/\/maricatotal.com.br\/site\/wp-json\/wp\/v2\/media?parent=18508"}],"wp:term":[{"taxonomy":"category","embeddable":true,"href":"https:\/\/maricatotal.com.br\/site\/wp-json\/wp\/v2\/categories?post=18508"},{"taxonomy":"post_tag","embeddable":true,"href":"https:\/\/maricatotal.com.br\/site\/wp-json\/wp\/v2\/tags?post=18508"}],"curies":[{"name":"wp","href":"https:\/\/api.w.org\/{rel}","templated":true}]}}