{"id":18644,"date":"2021-01-06T07:04:22","date_gmt":"2021-01-06T10:04:22","guid":{"rendered":"https:\/\/maricatotal.com.br\/site\/?p=18644"},"modified":"2021-02-02T09:50:28","modified_gmt":"2021-02-02T12:50:28","slug":"marica-lidera-geracao-de-empregos-no-estado-nos-ultimos-4-anos","status":"publish","type":"post","link":"https:\/\/maricatotal.com.br\/site\/2021\/01\/06\/marica-lidera-geracao-de-empregos-no-estado-nos-ultimos-4-anos\/","title":{"rendered":"Maric\u00e1 lidera gera\u00e7\u00e3o de empregos no estado nos \u00faltimos 4 anos"},"content":{"rendered":"\n<p>Maric\u00e1 foi o munic\u00edpio do Estado do Rio que mais gerou empregos com carteira assinada nos \u00faltimos quatro anos, de acordo com os dados do Cadastro Geral de Emprego e Desemprego (Caged), divulgados pelo governo federal e referentes at\u00e9 novembro passado. De janeiro de 2017 a novembro de 2020 foram criados na cidade 6.592 novos empregos formais, representando um aumento de 52,5% na for\u00e7a de trabalho do munic\u00edpio.<\/p>\n\n\n\n<p>Ainda de acordo com os dados do Caged, at\u00e9 novembro Maric\u00e1 havia gerado 967 novos postos de trabalho com carteira assinada \u2013 com a ressalva de que, no estado do Rio, houve perda de 133.754 vagas. Secret\u00e1rio de Desenvolvimento Econ\u00f4mico, Igor Sardinha destacou que o bom desempenho de Maric\u00e1 na gera\u00e7\u00e3o de empregos \u00e9 fruto do desenvolvimento econ\u00f4mico do munic\u00edpio e de a\u00e7\u00f5es dos setores p\u00fablico e privado.<\/p>\n\n\n\n<p>No caso do setor p\u00fablico, destacam-se os programas de suporte econ\u00f4mico no \u00e2mbito da pandemia do novo coronav\u00edrus, que sustentaram um desempenho positivo na cria\u00e7\u00e3o de empregos formais mesmo durante os meses mais cr\u00edticos, com o fechamento do com\u00e9rcio reduzindo o ritmo econ\u00f4mico por toda parte.<\/p>\n\n\n\n<p>O secret\u00e1rio avaliou o impacto positivo das pol\u00edticas de apoio \u00e0 economia local na prote\u00e7\u00e3o e aumento do estoque de empregos de Maric\u00e1. Os programas de Amparo ao Emprego (PAE) e de Amparo ao Trabalhador (PAT) \u2013 que foram prorrogados at\u00e9 mar\u00e7o de 2021 ap\u00f3s vota\u00e7\u00e3o na C\u00e2mara Municipal \u2013 possibilitaram aos empregadores locais manter seus funcion\u00e1rios durante o per\u00edodo mais agudo da pandemia de Covid-19, quando muitas empresas deixaram de funcionar.<\/p>\n\n\n\n<p>Com o PAE, pelo menos 3 mil empregos foram preservados, com a prefeitura pagando um sal\u00e1rio m\u00ednimo por funcion\u00e1rio das empresas. J\u00e1 no PAT, 23.500 pessoas, entre profissionais liberais, aut\u00f4nomos e trabalhadores informais est\u00e3o recebendo um sal\u00e1rio m\u00ednimo mensal. \u201cSomado a essas pol\u00edticas solid\u00e1rias, tivemos tamb\u00e9m o uso da moeda social ampliado, mantendo a economia aquecida\u201d, observou.<\/p>\n\n\n\n<p>Vale ressaltar que durante todo o ano de 2020, e em especial nos meses ap\u00f3s a decreta\u00e7\u00e3o da pandemia, al\u00e9m da gera\u00e7\u00e3o de empregos de carteira assinada, a cidade registrou tamb\u00e9m um crescimento na arrecada\u00e7\u00e3o de impostos municipais como o ISS.<\/p>\n\n\n\n<p>Tal caracter\u00edstica \u00e9 reflexo da inje\u00e7\u00e3o direta de recursos na economia local, que ultrapassou a marca de R$ 300 milh\u00f5es at\u00e9 dezembro. S\u00f3 com o recurso do programa Renda B\u00e1sica de Cidadania, atrav\u00e9s do qual 42.500 pessoas recebem mensalmente 300 Mumbucas (equivalentes a R$ 300) para gastar apenas na cidade, s\u00e3o R$ 12,7 milh\u00f5es por m\u00eas.<\/p>\n\n\n\n<p>N\u00e3o \u00e0 toa, h\u00e1 hoje mais m\u00e1quinas de d\u00e9bito associadas ao RBC do que m\u00e1quinas de cr\u00e9dito e d\u00e9bito comuns. S\u00e3o mais de 6 mil estabelecimentos registrados aceitando a Mumbuca, contra a metade que aceita os outros cart\u00f5es.<\/p>\n\n\n\n<p>\u201cO processo de transforma\u00e7\u00e3o da cidade passa essencialmente por diminuir a desigualdade, oferecendo oportunidades de acesso ao mercado de trabalho e empregos no munic\u00edpio, garantindo a infraestrutura e a capacita\u00e7\u00e3o necess\u00e1rias aos empreendedores locais. O trabalho seguir\u00e1 no sentido de avan\u00e7armos na gera\u00e7\u00e3o de empregos\u201d, afirmou Sardinha.<\/p>\n","protected":false},"excerpt":{"rendered":"<p>Maric\u00e1 foi o munic\u00edpio do Estado do Rio que mais gerou empregos com carteira assinada nos \u00faltimos quatro anos, de<\/p>\n","protected":false},"author":1,"featured_media":18645,"comment_status":"open","ping_status":"open","sticky":false,"template":"","format":"standard","meta":{"colormag_page_container_layout":"default_layout","colormag_page_sidebar_layout":"default_layout","footnotes":""},"categories":[18],"tags":[],"class_list":["post-18644","post","type-post","status-publish","format-standard","has-post-thumbnail","hentry","category-entretenimento"],"amp_enabled":true,"_links":{"self":[{"href":"https:\/\/maricatotal.com.br\/site\/wp-json\/wp\/v2\/posts\/18644","targetHints":{"allow":["GET"]}}],"collection":[{"href":"https:\/\/maricatotal.com.br\/site\/wp-json\/wp\/v2\/posts"}],"about":[{"href":"https:\/\/maricatotal.com.br\/site\/wp-json\/wp\/v2\/types\/post"}],"author":[{"embeddable":true,"href":"https:\/\/maricatotal.com.br\/site\/wp-json\/wp\/v2\/users\/1"}],"replies":[{"embeddable":true,"href":"https:\/\/maricatotal.com.br\/site\/wp-json\/wp\/v2\/comments?post=18644"}],"version-history":[{"count":1,"href":"https:\/\/maricatotal.com.br\/site\/wp-json\/wp\/v2\/posts\/18644\/revisions"}],"predecessor-version":[{"id":18646,"href":"https:\/\/maricatotal.com.br\/site\/wp-json\/wp\/v2\/posts\/18644\/revisions\/18646"}],"wp:featuredmedia":[{"embeddable":true,"href":"https:\/\/maricatotal.com.br\/site\/wp-json\/wp\/v2\/media\/18645"}],"wp:attachment":[{"href":"https:\/\/maricatotal.com.br\/site\/wp-json\/wp\/v2\/media?parent=18644"}],"wp:term":[{"taxonomy":"category","embeddable":true,"href":"https:\/\/maricatotal.com.br\/site\/wp-json\/wp\/v2\/categories?post=18644"},{"taxonomy":"post_tag","embeddable":true,"href":"https:\/\/maricatotal.com.br\/site\/wp-json\/wp\/v2\/tags?post=18644"}],"curies":[{"name":"wp","href":"https:\/\/api.w.org\/{rel}","templated":true}]}}