{"id":18718,"date":"2021-01-07T17:17:38","date_gmt":"2021-01-07T20:17:38","guid":{"rendered":"https:\/\/maricatotal.com.br\/site\/?p=18718"},"modified":"2021-02-01T13:26:47","modified_gmt":"2021-02-01T16:26:47","slug":"vereador-danilo-santos-assume-presidencia-da-comissao-de-seguranca-da-camara-municipal-de-marica","status":"publish","type":"post","link":"https:\/\/maricatotal.com.br\/site\/2021\/01\/07\/vereador-danilo-santos-assume-presidencia-da-comissao-de-seguranca-da-camara-municipal-de-marica\/","title":{"rendered":"Vereador Danilo Santos assume Presid\u00eancia da Comiss\u00e3o de Seguran\u00e7a da C\u00e2mara Municipal de Maric\u00e1"},"content":{"rendered":"\n<p>Danilo Santos (PDT) assumiu a Presid\u00eancia da Comiss\u00e3o de Seguran\u00e7a da C\u00e2mara Municipal de Maric\u00e1 nesta quinta-feira (07).<\/p>\n\n\n\n<p>O pol\u00edtico foi as redes sociais para agradecer e frisar seu compromisso com a popula\u00e7\u00e3o maricaense.<\/p>\n\n\n\n<p>&#8221;Mais uma vez venho publicamente agradecer a confian\u00e7a e firmar compromisso com meu trabalho. Atuei pela primeira vez na seguran\u00e7a p\u00fablica do munic\u00edpio como Guarda Municipal. Estou a quase uma d\u00e9cada na Pol\u00edcia Civil. Um pouco da viv\u00eancia e experi\u00eancia adquirida tentarei transformar em ideias e pr\u00e1ticas positivas em nosso munic\u00edpio. Em breve apresentarei um plano para Seguran\u00e7a P\u00fablica de nossa Maric\u00e1 que est\u00e1 em fase final de elabora\u00e7\u00e3o. Agradecer aos meus pares e ao Presidente Aldair de Linda. Vamos com tudo!!!&#8221;<\/p>\n","protected":false},"excerpt":{"rendered":"<p>Danilo Santos (PDT) assumiu a Presid\u00eancia da Comiss\u00e3o de Seguran\u00e7a da C\u00e2mara Municipal de Maric\u00e1 nesta quinta-feira (07). O pol\u00edtico<\/p>\n","protected":false},"author":1,"featured_media":18719,"comment_status":"open","ping_status":"open","sticky":false,"template":"","format":"standard","meta":{"colormag_page_container_layout":"default_layout","colormag_page_sidebar_layout":"default_layout","footnotes":""},"categories":[17],"tags":[],"class_list":["post-18718","post","type-post","status-publish","format-standard","has-post-thumbnail","hentry","category-politica"],"amp_enabled":true,"_links":{"self":[{"href":"https:\/\/maricatotal.com.br\/site\/wp-json\/wp\/v2\/posts\/18718","targetHints":{"allow":["GET"]}}],"collection":[{"href":"https:\/\/maricatotal.com.br\/site\/wp-json\/wp\/v2\/posts"}],"about":[{"href":"https:\/\/maricatotal.com.br\/site\/wp-json\/wp\/v2\/types\/post"}],"author":[{"embeddable":true,"href":"https:\/\/maricatotal.com.br\/site\/wp-json\/wp\/v2\/users\/1"}],"replies":[{"embeddable":true,"href":"https:\/\/maricatotal.com.br\/site\/wp-json\/wp\/v2\/comments?post=18718"}],"version-history":[{"count":1,"href":"https:\/\/maricatotal.com.br\/site\/wp-json\/wp\/v2\/posts\/18718\/revisions"}],"predecessor-version":[{"id":18720,"href":"https:\/\/maricatotal.com.br\/site\/wp-json\/wp\/v2\/posts\/18718\/revisions\/18720"}],"wp:featuredmedia":[{"embeddable":true,"href":"https:\/\/maricatotal.com.br\/site\/wp-json\/wp\/v2\/media\/18719"}],"wp:attachment":[{"href":"https:\/\/maricatotal.com.br\/site\/wp-json\/wp\/v2\/media?parent=18718"}],"wp:term":[{"taxonomy":"category","embeddable":true,"href":"https:\/\/maricatotal.com.br\/site\/wp-json\/wp\/v2\/categories?post=18718"},{"taxonomy":"post_tag","embeddable":true,"href":"https:\/\/maricatotal.com.br\/site\/wp-json\/wp\/v2\/tags?post=18718"}],"curies":[{"name":"wp","href":"https:\/\/api.w.org\/{rel}","templated":true}]}}