{"id":18843,"date":"2021-01-11T08:42:17","date_gmt":"2021-01-11T11:42:17","guid":{"rendered":"https:\/\/maricatotal.com.br\/site\/?p=18843"},"modified":"2021-02-02T09:51:39","modified_gmt":"2021-02-02T12:51:39","slug":"urbanismo-abre-licitacao-para-plano-de-mobilidade","status":"publish","type":"post","link":"https:\/\/maricatotal.com.br\/site\/2021\/01\/11\/urbanismo-abre-licitacao-para-plano-de-mobilidade\/","title":{"rendered":"Urbanismo abre licita\u00e7\u00e3o para plano de mobilidade"},"content":{"rendered":"\n<p>A Secretaria de Urbanismo de Maric\u00e1 iniciou nesta sexta-feira (08), o processo de licita\u00e7\u00e3o para a contrata\u00e7\u00e3o de uma empresa t\u00e9cnica especializada que ir\u00e1 elaborar o Plano Municipal de Mobilidade Urbana e Alinhamentos de Vias Urbanas.<\/p>\n\n\n\n<p>Segundo o secret\u00e1rio de Urbanismo do munic\u00edpio Celso Cabral, o plano ir\u00e1 contribuir para melhorar a qualidade de vida da popula\u00e7\u00e3o. \u201cO Plano de Mobilidade \u00e9 associado ao Plano Diretor e faz parte do plano de governo. Atrav\u00e9s dele ser\u00e1 poss\u00edvel melhorar a qualidade de vida da popula\u00e7\u00e3o, assegurar meios e modos eficientes de transporte, fortalecer as conex\u00f5es entre bairros e distritos da cidade\u201d, afirma.<\/p>\n\n\n\n<p>A Pol\u00edtica Nacional de&nbsp;Mobilidade Urbana \u00e9&nbsp;uma Lei Federal n\u00ba 12.587 de 3 de janeiro de 2012. Seu objetivo \u00e9 melhorar as condi\u00e7\u00f5es de deslocamento por meio de um planejamento com propostas de a\u00e7\u00e3o para garantir o desenvolvimento sustent\u00e1vel e estimular a integra\u00e7\u00e3o dos meios de transporte e avan\u00e7o da acessibilidade priorizando o transporte coletivo e o n\u00e3o motorizado.<\/p>\n\n\n\n<p>Para a M\u00f4nica Campos, gerenciadora t\u00e9cnica do Plano de Mobilidade, o desenvolvimento do trabalho \u00e9 um exerc\u00edcio da cidadania. \u201cCom ele ser\u00e1 poss\u00edvel fazer levantamentos, an\u00e1lises, diagn\u00f3sticos, audi\u00eancias p\u00fablicas que ir\u00e3o contar com o cidad\u00e3o maricaense, pois sua constru\u00e7\u00e3o \u00e9 democr\u00e1tica e necessita da participa\u00e7\u00e3o popular\u201d, concluiu.<\/p>\n","protected":false},"excerpt":{"rendered":"<p>A Secretaria de Urbanismo de Maric\u00e1 iniciou nesta sexta-feira (08), o processo de licita\u00e7\u00e3o para a contrata\u00e7\u00e3o de uma empresa<\/p>\n","protected":false},"author":1,"featured_media":18844,"comment_status":"open","ping_status":"open","sticky":false,"template":"","format":"standard","meta":{"colormag_page_container_layout":"default_layout","colormag_page_sidebar_layout":"default_layout","footnotes":""},"categories":[14],"tags":[],"class_list":["post-18843","post","type-post","status-publish","format-standard","has-post-thumbnail","hentry","category-bairros"],"amp_enabled":true,"_links":{"self":[{"href":"https:\/\/maricatotal.com.br\/site\/wp-json\/wp\/v2\/posts\/18843","targetHints":{"allow":["GET"]}}],"collection":[{"href":"https:\/\/maricatotal.com.br\/site\/wp-json\/wp\/v2\/posts"}],"about":[{"href":"https:\/\/maricatotal.com.br\/site\/wp-json\/wp\/v2\/types\/post"}],"author":[{"embeddable":true,"href":"https:\/\/maricatotal.com.br\/site\/wp-json\/wp\/v2\/users\/1"}],"replies":[{"embeddable":true,"href":"https:\/\/maricatotal.com.br\/site\/wp-json\/wp\/v2\/comments?post=18843"}],"version-history":[{"count":1,"href":"https:\/\/maricatotal.com.br\/site\/wp-json\/wp\/v2\/posts\/18843\/revisions"}],"predecessor-version":[{"id":18845,"href":"https:\/\/maricatotal.com.br\/site\/wp-json\/wp\/v2\/posts\/18843\/revisions\/18845"}],"wp:featuredmedia":[{"embeddable":true,"href":"https:\/\/maricatotal.com.br\/site\/wp-json\/wp\/v2\/media\/18844"}],"wp:attachment":[{"href":"https:\/\/maricatotal.com.br\/site\/wp-json\/wp\/v2\/media?parent=18843"}],"wp:term":[{"taxonomy":"category","embeddable":true,"href":"https:\/\/maricatotal.com.br\/site\/wp-json\/wp\/v2\/categories?post=18843"},{"taxonomy":"post_tag","embeddable":true,"href":"https:\/\/maricatotal.com.br\/site\/wp-json\/wp\/v2\/tags?post=18843"}],"curies":[{"name":"wp","href":"https:\/\/api.w.org\/{rel}","templated":true}]}}