{"id":19115,"date":"2021-01-17T10:03:24","date_gmt":"2021-01-17T13:03:24","guid":{"rendered":"https:\/\/maricatotal.com.br\/site\/?p=19115"},"modified":"2021-02-02T09:57:42","modified_gmt":"2021-02-02T12:57:42","slug":"vestibulandos-fazem-primeira-prova-do-enem-neste-domingo","status":"publish","type":"post","link":"https:\/\/maricatotal.com.br\/site\/2021\/01\/17\/vestibulandos-fazem-primeira-prova-do-enem-neste-domingo\/","title":{"rendered":"Vestibulandos fazem primeira prova do Enem neste domingo"},"content":{"rendered":"\n<p>Milh\u00f5es de estudantes de todo o pa\u00eds fazem hoje (17) a primeira prova do Exame Nacional do Ensino M\u00e9dio (Enem) 2020. Os port\u00f5es ser\u00e3o abertos \u00e0s 11h30. Os estudantes podem entrar no local de prova at\u00e9 as 13h, no hor\u00e1rio de Bras\u00edlia. Por causa da pandemia do novo coronav\u00edrus, a recomenda\u00e7\u00e3o \u00e9 que seja mantido o distanciamento entre as pessoas, mesmo fora dos locais de aplica\u00e7\u00e3o.&nbsp;<\/p>\n\n\n\n<p>Quem for diagnosticado com covid-19, ou apresentar sintomas dessa ou de outras doen\u00e7as infectocontagiosas at\u00e9 o momento do exame, n\u00e3o dever\u00e1 comparecer ao local de prova e sim entrar em contato com o Inep pelo telefone 0800-616161. Esses estudantes ter\u00e3o direito a fazer a prova na data de reaplica\u00e7\u00e3o do Enem, nos dias 23 e 24 de fevereiro.&nbsp;<\/p>\n\n\n\n<p>As provas come\u00e7am a ser aplicadas \u00e0s 13h30. Neste domingo, os participantes fazem as provas objetivas de linguagens e ci\u00eancias humanas, com 45 quest\u00f5es cada, e a prova de reda\u00e7\u00e3o. Os estudantes ter\u00e3o cinco horas e 30 minutos para resolver as quest\u00f5es. <\/p>\n\n\n\n<p>A prova termina \u00e0s 19h. <\/p>\n\n\n\n<p>O exame segue no pr\u00f3ximo domingo (24), quando os estudantes far\u00e3o as provas de ci\u00eancias da natureza e de matem\u00e1tica. Ao todo, cerca de 5,8 milh\u00f5es de estudantes est\u00e3o inscritos para fazer as provas. O Enem 2020 ter\u00e1 uma vers\u00e3o impressa, nos dias 17 e 24 de janeiro, e uma digital, realizada de forma piloto para 96 mil candidatos, nos dias 31 de janeiro e 7 de fevereiro.&nbsp;<\/p>\n\n\n\n<p>As medidas de seguran\u00e7a adotadas em rela\u00e7\u00e3o \u00e0 pandemia do novo coronav\u00edrus ser\u00e3o as mesmas tanto no Enem impresso quanto no digital. Haver\u00e1, por exemplo, um n\u00famero reduzido de estudantes por sala, para garantir o distanciamento entre os participantes. Durante todo o tempo de realiza\u00e7\u00e3o da prova, os candidatos estar\u00e3o obrigados a usar m\u00e1scaras de prote\u00e7\u00e3o da forma correta, tapando o nariz e a boca, sob pena de serem eliminados do exame. Al\u00e9m disso, o \u00e1lcool em gel estar\u00e1 dispon\u00edvel em todos os locais de aplica\u00e7\u00e3o.<\/p>\n","protected":false},"excerpt":{"rendered":"<p>Milh\u00f5es de estudantes de todo o pa\u00eds fazem hoje (17) a primeira prova do Exame Nacional do Ensino M\u00e9dio (Enem)<\/p>\n","protected":false},"author":1,"featured_media":15360,"comment_status":"open","ping_status":"open","sticky":false,"template":"","format":"standard","meta":{"colormag_page_container_layout":"default_layout","colormag_page_sidebar_layout":"default_layout","footnotes":""},"categories":[14,17],"tags":[],"class_list":["post-19115","post","type-post","status-publish","format-standard","has-post-thumbnail","hentry","category-bairros","category-politica"],"amp_enabled":true,"_links":{"self":[{"href":"https:\/\/maricatotal.com.br\/site\/wp-json\/wp\/v2\/posts\/19115","targetHints":{"allow":["GET"]}}],"collection":[{"href":"https:\/\/maricatotal.com.br\/site\/wp-json\/wp\/v2\/posts"}],"about":[{"href":"https:\/\/maricatotal.com.br\/site\/wp-json\/wp\/v2\/types\/post"}],"author":[{"embeddable":true,"href":"https:\/\/maricatotal.com.br\/site\/wp-json\/wp\/v2\/users\/1"}],"replies":[{"embeddable":true,"href":"https:\/\/maricatotal.com.br\/site\/wp-json\/wp\/v2\/comments?post=19115"}],"version-history":[{"count":3,"href":"https:\/\/maricatotal.com.br\/site\/wp-json\/wp\/v2\/posts\/19115\/revisions"}],"predecessor-version":[{"id":19843,"href":"https:\/\/maricatotal.com.br\/site\/wp-json\/wp\/v2\/posts\/19115\/revisions\/19843"}],"wp:featuredmedia":[{"embeddable":true,"href":"https:\/\/maricatotal.com.br\/site\/wp-json\/wp\/v2\/media\/15360"}],"wp:attachment":[{"href":"https:\/\/maricatotal.com.br\/site\/wp-json\/wp\/v2\/media?parent=19115"}],"wp:term":[{"taxonomy":"category","embeddable":true,"href":"https:\/\/maricatotal.com.br\/site\/wp-json\/wp\/v2\/categories?post=19115"},{"taxonomy":"post_tag","embeddable":true,"href":"https:\/\/maricatotal.com.br\/site\/wp-json\/wp\/v2\/tags?post=19115"}],"curies":[{"name":"wp","href":"https:\/\/api.w.org\/{rel}","templated":true}]}}